{"id":109769,"date":"2024-02-27T09:26:41","date_gmt":"2024-02-27T12:26:41","guid":{"rendered":"https:\/\/cdnoticias.com\/?p=109769"},"modified":"2024-02-27T09:26:43","modified_gmt":"2024-02-27T12:26:43","slug":"nueva-sede-para-la-direccion-de-relaciones-vecinales-y-defensa-del-consumidor","status":"publish","type":"post","link":"https:\/\/cdnoticias.com\/index.php\/2024\/02\/27\/nueva-sede-para-la-direccion-de-relaciones-vecinales-y-defensa-del-consumidor\/","title":{"rendered":"Nueva sede para la Direcci\u00f3n de Relaciones Vecinales y Defensa del Consumidor"},"content":{"rendered":"<p>Desde el lunes 4 de marzo funcionar\u00e1 en Coronel Su\u00e1rez 2843. Hasta esa fecha permanecer\u00e1 cerrada para llevar adelante la mudanza.<!--more--><\/p>\n<hr \/>\n<p>La Direcci\u00f3n de Relaciones Vecinales y Defensa del Consumidor del Municipio de Olavarr\u00eda inform\u00f3 que sus oficinas ser\u00e1n trasladadas a una nueva sede, la cual est\u00e1 ubicada en <strong>Coronel Su\u00e1rez 2843.<\/strong><\/p>\n<p>La dependencia p<strong>ermanecer\u00e1 cerrada desde este martes 27 de febrero hasta el viernes 1\u00b0 de marzo<\/strong>, con motivo de llevar adelante la mudanza.<\/p>\n<p>La Direcci\u00f3n <strong>abrir\u00e1 sus puertas en la nueva sede el d\u00eda lunes 4 de marzo.<\/strong><\/p>\n<p>Ante consultas que revistan <strong>urgencia<\/strong>, la dependencia habilit\u00f3 una<strong> l\u00ednea de WhatsApp: 2284 \u2013 233567,<\/strong> la cual estar\u00e1 operativa en horario administrativo (de lunes a viernes de 07:00 a 13:00).<\/p>\n","protected":false},"excerpt":{"rendered":"<p>Desde el lunes 4 de marzo funcionar\u00e1 en Coronel Su\u00e1rez 2843. Hasta esa fecha permanecer\u00e1 cerrada para llevar adelante la<\/p>\n","protected":false},"author":2,"featured_media":70795,"comment_status":"closed","ping_status":"closed","sticky":false,"template":"","format":"standard","meta":{"_jetpack_memberships_contains_paid_content":false,"footnotes":""},"categories":[5],"tags":[],"class_list":["post-109769","post","type-post","status-publish","format-standard","has-post-thumbnail","hentry","category-informacion-general"],"jetpack_featured_media_url":"https:\/\/i0.wp.com\/cdnoticias.com\/wp-content\/uploads\/2022\/11\/defensaalconsumidor.jpg?fit=1024%2C683&ssl=1","jetpack_sharing_enabled":true,"_links":{"self":[{"href":"https:\/\/cdnoticias.com\/index.php\/wp-json\/wp\/v2\/posts\/109769","targetHints":{"allow":["GET"]}}],"collection":[{"href":"https:\/\/cdnoticias.com\/index.php\/wp-json\/wp\/v2\/posts"}],"about":[{"href":"https:\/\/cdnoticias.com\/index.php\/wp-json\/wp\/v2\/types\/post"}],"author":[{"embeddable":true,"href":"https:\/\/cdnoticias.com\/index.php\/wp-json\/wp\/v2\/users\/2"}],"replies":[{"embeddable":true,"href":"https:\/\/cdnoticias.com\/index.php\/wp-json\/wp\/v2\/comments?post=109769"}],"version-history":[{"count":0,"href":"https:\/\/cdnoticias.com\/index.php\/wp-json\/wp\/v2\/posts\/109769\/revisions"}],"wp:featuredmedia":[{"embeddable":true,"href":"https:\/\/cdnoticias.com\/index.php\/wp-json\/wp\/v2\/media\/70795"}],"wp:attachment":[{"href":"https:\/\/cdnoticias.com\/index.php\/wp-json\/wp\/v2\/media?parent=109769"}],"wp:term":[{"taxonomy":"category","embeddable":true,"href":"https:\/\/cdnoticias.com\/index.php\/wp-json\/wp\/v2\/categories?post=109769"},{"taxonomy":"post_tag","embeddable":true,"href":"https:\/\/cdnoticias.com\/index.php\/wp-json\/wp\/v2\/tags?post=109769"}],"curies":[{"name":"wp","href":"https:\/\/api.w.org\/{rel}","templated":true}]}}