{"id":109766,"date":"2024-02-29T08:46:37","date_gmt":"2024-02-29T11:46:37","guid":{"rendered":"https:\/\/cdnoticias.com\/?p=109766"},"modified":"2024-02-29T08:46:40","modified_gmt":"2024-02-29T11:46:40","slug":"recalde-celebra-el-carnaval-comparsa-quema-del-rey-momo-y-baile-popular","status":"publish","type":"post","link":"https:\/\/cdnoticias.com\/index.php\/2024\/02\/29\/recalde-celebra-el-carnaval-comparsa-quema-del-rey-momo-y-baile-popular\/","title":{"rendered":"Recalde celebra el carnaval: comparsa, quema del Rey Momo y baile popular"},"content":{"rendered":"<p>Ser\u00e1 el pr\u00f3ximo s\u00e1bado 2 de marzo desde las 21:30 en la sede del Club Recalde.<!--more--><\/p>\n<hr \/>\n<p>La localidad de Recalde celebra el Carnaval con un gran festejo popular. Se invita a lugare\u00f1os y comunidad del Partido en general, a disfrutar de esta celebraci\u00f3n, a llevarse a cabo el pr\u00f3ximo s\u00e1bado 2 de marzo desde las 21:30 horas en la sede del Club Recalde, Jos\u00e9 Zanardi N\u00ba 9.<\/p>\n<p>La actividad es organizada por la Delegaci\u00f3n Municipal, en conjunto con la Subsecretar\u00eda de Cultura y Educaci\u00f3n del Municipio.<\/p>\n<p>Participar\u00e1 de la noche de Carnaval la Comparsa GRES Salguero de la ciudad de Olavarr\u00eda. El evento culminar\u00e1 con la tradicional quema del Rey Momo y un baile popular.<\/p>\n<p>Habr\u00e1 puestos de espuma y servicio de buffet a cargo de instituciones de la localidad. La entrada es libre y gratuita.<\/p>\n","protected":false},"excerpt":{"rendered":"<p>Ser\u00e1 el pr\u00f3ximo s\u00e1bado 2 de marzo desde las 21:30 en la sede del Club Recalde.<\/p>\n","protected":false},"author":2,"featured_media":109767,"comment_status":"closed","ping_status":"closed","sticky":false,"template":"","format":"standard","meta":{"_jetpack_memberships_contains_paid_content":false,"footnotes":""},"categories":[9,1],"tags":[],"class_list":["post-109766","post","type-post","status-publish","format-standard","has-post-thumbnail","hentry","category-cultura","category-portada"],"jetpack_featured_media_url":"https:\/\/i0.wp.com\/cdnoticias.com\/wp-content\/uploads\/2024\/02\/Acto-Protocolar-Aniversariio-Recalde-1024x685-1.jpg?fit=800%2C445&ssl=1","jetpack_sharing_enabled":true,"_links":{"self":[{"href":"https:\/\/cdnoticias.com\/index.php\/wp-json\/wp\/v2\/posts\/109766","targetHints":{"allow":["GET"]}}],"collection":[{"href":"https:\/\/cdnoticias.com\/index.php\/wp-json\/wp\/v2\/posts"}],"about":[{"href":"https:\/\/cdnoticias.com\/index.php\/wp-json\/wp\/v2\/types\/post"}],"author":[{"embeddable":true,"href":"https:\/\/cdnoticias.com\/index.php\/wp-json\/wp\/v2\/users\/2"}],"replies":[{"embeddable":true,"href":"https:\/\/cdnoticias.com\/index.php\/wp-json\/wp\/v2\/comments?post=109766"}],"version-history":[{"count":0,"href":"https:\/\/cdnoticias.com\/index.php\/wp-json\/wp\/v2\/posts\/109766\/revisions"}],"wp:featuredmedia":[{"embeddable":true,"href":"https:\/\/cdnoticias.com\/index.php\/wp-json\/wp\/v2\/media\/109767"}],"wp:attachment":[{"href":"https:\/\/cdnoticias.com\/index.php\/wp-json\/wp\/v2\/media?parent=109766"}],"wp:term":[{"taxonomy":"category","embeddable":true,"href":"https:\/\/cdnoticias.com\/index.php\/wp-json\/wp\/v2\/categories?post=109766"},{"taxonomy":"post_tag","embeddable":true,"href":"https:\/\/cdnoticias.com\/index.php\/wp-json\/wp\/v2\/tags?post=109766"}],"curies":[{"name":"wp","href":"https:\/\/api.w.org\/{rel}","templated":true}]}}