{"id":109750,"date":"2024-02-26T20:14:27","date_gmt":"2024-02-26T23:14:27","guid":{"rendered":"https:\/\/cdnoticias.com\/?p=109750"},"modified":"2024-02-26T21:11:49","modified_gmt":"2024-02-27T00:11:49","slug":"realizaron-infracciones-a-camiones-y-acoplados-estacionados-en-la-via-publica","status":"publish","type":"post","link":"https:\/\/cdnoticias.com\/index.php\/2024\/02\/26\/realizaron-infracciones-a-camiones-y-acoplados-estacionados-en-la-via-publica\/","title":{"rendered":"Realizaron infracciones a camiones y acoplados estacionados en la v\u00eda p\u00fablica"},"content":{"rendered":"\n<p>Tambi\u00e9n a rodados abandonados en la calle, donde se pidi\u00f3 reubicar en \u201cespacios seguros\u201d. En controles, se secuestraron dos autos y dos motos por diversas irregularidades.<\/p>\n\n\n\n<hr class=\"wp-block-separator aligncenter has-alpha-channel-opacity\"\/>\n\n\n\n<p>Desde el \u00e1rea de Protecci\u00f3n Ciudadana municipal se inform\u00f3 este lunes <strong>los diversos procedimientos realizados durante el fin de semana, con infracciones a camiones y acoplados estacionados en la v\u00eda p\u00fablica, veh\u00edculos abandonados en lugares no permitidos y los controles de rutina que generaron el secuestro de dos autos y dos motos.<\/strong><\/p>\n\n\n\n<p>Se record\u00f3, en este sentido, la <strong>prohibici\u00f3n de estacionamiento de camiones y acoplados en sectores determinados del casco urbano de la ciudad, como as\u00ed tambi\u00e9n de dejar veh\u00edculos abandonados en la v\u00eda p\u00fablica. <\/strong>En ese marco, en el transcurso de los \u00faltimos d\u00edas se labraron distintas actas y notificaciones a propietarios de estos rodados.<\/p>\n\n\n\n<p>En este sentido, se atendi\u00f3 los planteos y denuncias realizadas por vecinos del barrio Pawlonia, punto de la ciudad donde se despleg\u00f3 un dispositivo en el que se notific\u00f3 a los due\u00f1os de camiones y acoplados estacionados de manera irregular, con la finalidad de que regularicen la situaci\u00f3n de acuerdo a la<strong> Ordenanza Municipal 3215\/08, que da marco y organiza el tr\u00e1nsito de veh\u00edculos de acuerdo a sus portes.<\/strong><\/p>\n\n\n\n<p>De manera paralela, tareas de similar \u00edndole se realizaron en torno a <strong>rodados abandonados en la v\u00eda p\u00fablica, para solicitar a sus responsables la reubicaci\u00f3n en espacios seguros donde no sean propiciadores de la acumulaci\u00f3n de residuos, roedores u otros animales o plagas que pudieran alterar la salud p\u00fablica. Los controles se llevaron a cabo tanto en la ciudad de Olavarr\u00eda como en localidades serranas.<\/strong><\/p>\n\n\n\n<p>Por otra parte, tambi\u00e9n se llevaron a cabo tareas preventivas y de control en materia de alcoholemia en conductores. Al respecto, se recuerda a la comunidad que en toda la Provincia de Buenos Aires rige la Ley de \u201cAlcohol Cero\u201d.<\/p>\n\n\n\n<p>Por \u00faltimo, se mencion\u00f3 que se labraron infracciones por distintas faltas a la Ley de Tr\u00e1nsito, principalmente por la<strong> circulaci\u00f3n sin documentaci\u00f3n habilitante, tanto en autom\u00f3viles como en ciclomotores. Se secuestraron dos motos y dos autom\u00f3viles, tanto las actuaciones como los rodados se encuentran a disposici\u00f3n del Juzgado de Faltas Municipal.<\/strong><\/p>\n\n\n\n<p class=\"has-large-font-size\">L\u00edneas de contacto<\/p>\n\n\n\n<p>Desde la Subsecretar\u00eda de Protecci\u00f3n Ciudadana se recuerdan las l\u00edneas de contacto para poder alertar sobre este tipo de situaciones o cualquier emergencia.<\/p>\n\n\n\n<p>La oficina del \u00e1rea -donde tambi\u00e9n funcionan tambi\u00e9n otras dependencias, como por ejemplo la<strong> Direcci\u00f3n de Control Urbano- se encuentra ubicada sobre Coronel Su\u00e1rez 870 y se pueden comunicar con la misma al n\u00famero (02284) 201687 -solo para llamadas telef\u00f3nicas- de lunes a viernes de 8 a 14 horas.<\/strong><\/p>\n\n\n\n<p>Para comunicarse con el<strong> Centro de Monitoreo Municipal lo pueden hacer a los n\u00fameros (02284) 419016 o 419017.<\/strong><\/p>\n\n\n\n<p>Por \u00faltimo, tambi\u00e9n se invita a la comunidad sumarse a<strong> Ojos en Alerta, la red de protecci\u00f3n ciudadana que actualmente integran cerca de 7 mil olavarrienses. Aquellas personas interesadas en sumarse deber\u00e1n comunicarse v\u00eda WhatsApp al 2284 544817<\/strong> y responder consultas b\u00e1sicas de contacto para ser incorporadas a esta alternativa que es cada m\u00e1s elegida por vecinas y vecinas de todo el Partido.<\/p>\n","protected":false},"excerpt":{"rendered":"<p>Tambi\u00e9n a rodados abandonados en la calle, donde se pidi\u00f3 reubicar en \u201cespacios seguros\u201d. En controles, se secuestraron dos autos<\/p>\n","protected":false},"author":2,"featured_media":109751,"comment_status":"closed","ping_status":"closed","sticky":false,"template":"","format":"standard","meta":{"_jetpack_memberships_contains_paid_content":false,"footnotes":""},"categories":[14,1],"tags":[],"class_list":["post-109750","post","type-post","status-publish","format-standard","has-post-thumbnail","hentry","category-policiales","category-portada"],"jetpack_featured_media_url":"https:\/\/i0.wp.com\/cdnoticias.com\/wp-content\/uploads\/2024\/02\/WhatsApp-Image-2024-02-26-at-10.46.04-1024x576-1.jpeg?fit=1024%2C576&ssl=1","jetpack_sharing_enabled":true,"_links":{"self":[{"href":"https:\/\/cdnoticias.com\/index.php\/wp-json\/wp\/v2\/posts\/109750","targetHints":{"allow":["GET"]}}],"collection":[{"href":"https:\/\/cdnoticias.com\/index.php\/wp-json\/wp\/v2\/posts"}],"about":[{"href":"https:\/\/cdnoticias.com\/index.php\/wp-json\/wp\/v2\/types\/post"}],"author":[{"embeddable":true,"href":"https:\/\/cdnoticias.com\/index.php\/wp-json\/wp\/v2\/users\/2"}],"replies":[{"embeddable":true,"href":"https:\/\/cdnoticias.com\/index.php\/wp-json\/wp\/v2\/comments?post=109750"}],"version-history":[{"count":0,"href":"https:\/\/cdnoticias.com\/index.php\/wp-json\/wp\/v2\/posts\/109750\/revisions"}],"wp:featuredmedia":[{"embeddable":true,"href":"https:\/\/cdnoticias.com\/index.php\/wp-json\/wp\/v2\/media\/109751"}],"wp:attachment":[{"href":"https:\/\/cdnoticias.com\/index.php\/wp-json\/wp\/v2\/media?parent=109750"}],"wp:term":[{"taxonomy":"category","embeddable":true,"href":"https:\/\/cdnoticias.com\/index.php\/wp-json\/wp\/v2\/categories?post=109750"},{"taxonomy":"post_tag","embeddable":true,"href":"https:\/\/cdnoticias.com\/index.php\/wp-json\/wp\/v2\/tags?post=109750"}],"curies":[{"name":"wp","href":"https:\/\/api.w.org\/{rel}","templated":true}]}}