{"id":109720,"date":"2024-02-28T08:19:07","date_gmt":"2024-02-28T11:19:07","guid":{"rendered":"https:\/\/cdnoticias.com\/?p=109720"},"modified":"2024-02-28T11:10:43","modified_gmt":"2024-02-28T14:10:43","slug":"se-proyectara-puan-en-el-centro-cultural-universitario","status":"publish","type":"post","link":"https:\/\/cdnoticias.com\/index.php\/2024\/02\/28\/se-proyectara-puan-en-el-centro-cultural-universitario\/","title":{"rendered":"Se proyectar\u00e1 &#8220;Puan&#8221; en el Centro Cultural Universitario"},"content":{"rendered":"\n<p>La funci\u00f3n ser\u00e1 este jueves a las 20 horas con entrada libre y gratuita. La propuesta es una iniciativa de &#8220;Unidxs por la Cultura Olavarr\u00eda&#8221;.<\/p>\n\n\n\n<hr class=\"wp-block-separator aligncenter has-alpha-channel-opacity\"\/>\n\n\n\n<p>Dentro de las actividades impulsadas desde la agrupaci\u00f3n de artistas y trabajadorxs autoconvocadxs &#8220;<strong>Unidxs por la Cultura Olavarr\u00eda<\/strong>&#8221; y en el marco de las acciones <strong>contra el DNU del gobierno de Javier Milei, <\/strong>este<strong> jueves 29 de febrero se proyectar\u00e1 la pel\u00edcula argentina \u201cPuan\u201d <\/strong>(2023) dirigida por Mar\u00eda Alch\u00e9 y Benjam\u00edn Naishtat.<\/p>\n\n\n\n<p><\/p>\n\n\n\n<p>Ser\u00e1 en el <strong>Centro Cultural Universitario (San Mart\u00edn 1955) a partir de las 20 horas con entrada libre y gratuita.<\/strong> Si bien la entrada es sin costo, desde la agrupaci\u00f3n local solicitaron la colaboraci\u00f3n voluntaria de un<strong> alimento no perecedero o \u00fatiles escolares<\/strong>.<\/p>\n\n\n\n<p><\/p>\n\n\n\n<p><strong>&#8220;Puan&#8221;<\/strong> se enfoca en Marcelo (Marcelo Subbioto), un profesor que ha dedicado su vida a la ense\u00f1anza en la Facultad de Filosof\u00eda de la Universidad de Buenos Aires.<\/p>\n\n\n\n<p><\/p>\n\n\n\n<figure class=\"wp-block-image aligncenter size-large\"><img data-recalc-dims=\"1\" loading=\"lazy\" decoding=\"async\" width=\"800\" height=\"1000\" src=\"https:\/\/i0.wp.com\/cdnoticias.com\/wp-content\/uploads\/2024\/02\/proyeccion-Puan-UxC.jpeg?resize=800%2C1000&#038;ssl=1\" alt=\"\" class=\"wp-image-109721\" srcset=\"https:\/\/i0.wp.com\/cdnoticias.com\/wp-content\/uploads\/2024\/02\/proyeccion-Puan-UxC.jpeg?resize=819%2C1024&amp;ssl=1 819w, https:\/\/i0.wp.com\/cdnoticias.com\/wp-content\/uploads\/2024\/02\/proyeccion-Puan-UxC.jpeg?resize=240%2C300&amp;ssl=1 240w, https:\/\/i0.wp.com\/cdnoticias.com\/wp-content\/uploads\/2024\/02\/proyeccion-Puan-UxC.jpeg?resize=768%2C960&amp;ssl=1 768w, https:\/\/i0.wp.com\/cdnoticias.com\/wp-content\/uploads\/2024\/02\/proyeccion-Puan-UxC.jpeg?w=1024&amp;ssl=1 1024w\" sizes=\"auto, (max-width: 800px) 100vw, 800px\" \/><\/figure>\n\n\n\n<p><\/p>\n\n\n\n<p>Cuando su mentor, el profesor Caselli, fallece inesperadamente, Marcelo supone que heredar\u00e1 la c\u00e1tedra vacante. Lo que no sospecha es que Rafael Sujarchuk (Leonardo Sbaraglia), un carism\u00e1tico y atractivo colega, volver\u00e1 de su pedestal en las universidades europeas para disputarle la misma c\u00e1tedra.<\/p>\n\n\n\n<p><\/p>\n\n\n\n<p>Los torpes esfuerzos de Marcelo por demostrar que es el mejor candidato desencadenan un divertido duelo filos\u00f3fico mientras su vida y el pa\u00eds descienden hacia el caos.<\/p>\n\n\n\n<p><\/p>\n\n\n\n<p>Esta comedia fue seleccionada para competir en la secci\u00f3n oficial por la Concha de Oro a la mejor pel\u00edcula en la 71\u00b0 edici\u00f3n del Festival de San Sebasti\u00e1n y nominada a los Premios Goya como mejor pel\u00edcula iberoamericana.<\/p>\n","protected":false},"excerpt":{"rendered":"<p>La funci\u00f3n ser\u00e1 este jueves a las 20 horas con entrada libre y gratuita. La propuesta es una iniciativa de<\/p>\n","protected":false},"author":6,"featured_media":109722,"comment_status":"closed","ping_status":"closed","sticky":false,"template":"","format":"standard","meta":{"_jetpack_memberships_contains_paid_content":false,"footnotes":""},"categories":[9],"tags":[],"class_list":["post-109720","post","type-post","status-publish","format-standard","has-post-thumbnail","hentry","category-cultura"],"jetpack_featured_media_url":"https:\/\/i0.wp.com\/cdnoticias.com\/wp-content\/uploads\/2024\/02\/Diseno-sin-titulo-100.jpg?fit=1920%2C1080&ssl=1","jetpack_sharing_enabled":true,"_links":{"self":[{"href":"https:\/\/cdnoticias.com\/index.php\/wp-json\/wp\/v2\/posts\/109720","targetHints":{"allow":["GET"]}}],"collection":[{"href":"https:\/\/cdnoticias.com\/index.php\/wp-json\/wp\/v2\/posts"}],"about":[{"href":"https:\/\/cdnoticias.com\/index.php\/wp-json\/wp\/v2\/types\/post"}],"author":[{"embeddable":true,"href":"https:\/\/cdnoticias.com\/index.php\/wp-json\/wp\/v2\/users\/6"}],"replies":[{"embeddable":true,"href":"https:\/\/cdnoticias.com\/index.php\/wp-json\/wp\/v2\/comments?post=109720"}],"version-history":[{"count":0,"href":"https:\/\/cdnoticias.com\/index.php\/wp-json\/wp\/v2\/posts\/109720\/revisions"}],"wp:featuredmedia":[{"embeddable":true,"href":"https:\/\/cdnoticias.com\/index.php\/wp-json\/wp\/v2\/media\/109722"}],"wp:attachment":[{"href":"https:\/\/cdnoticias.com\/index.php\/wp-json\/wp\/v2\/media?parent=109720"}],"wp:term":[{"taxonomy":"category","embeddable":true,"href":"https:\/\/cdnoticias.com\/index.php\/wp-json\/wp\/v2\/categories?post=109720"},{"taxonomy":"post_tag","embeddable":true,"href":"https:\/\/cdnoticias.com\/index.php\/wp-json\/wp\/v2\/tags?post=109720"}],"curies":[{"name":"wp","href":"https:\/\/api.w.org\/{rel}","templated":true}]}}