{"id":109706,"date":"2024-02-26T11:24:46","date_gmt":"2024-02-26T14:24:46","guid":{"rendered":"https:\/\/cdnoticias.com\/?p=109706"},"modified":"2024-02-26T17:31:45","modified_gmt":"2024-02-26T20:31:45","slug":"dengue-estamos-ante-la-peor-epidemia-de-la-historia","status":"publish","type":"post","link":"https:\/\/cdnoticias.com\/index.php\/2024\/02\/26\/dengue-estamos-ante-la-peor-epidemia-de-la-historia\/","title":{"rendered":"Dengue: \u201cestamos ante la peor epidemia de la historia\u201d"},"content":{"rendered":"<p>As\u00ed lo indic\u00f3 el ministro de Salud bonaerense, Nicol\u00e1s Kreplak. Los casos crecieron un 66%, hay 25 municipios en brote y ya circula en el interior de la provincia.<!--more--><\/p>\n<hr \/>\n<p>Los casos de dengue contin\u00faan en aumento aceleradamente en la provincia de Buenos Aires, donde<strong> crecieron 66% en una semana<\/strong>, al tiempo que ya <strong>hay 25 municipios con brotes declarados,<\/strong> entre ellos dos del interior, seg\u00fan los \u00faltimos datos del Ministerio de Salud bonaerense.<\/p>\n<p>El viernes pasado <strong>el ministro de Salud bonaerense, Nicol\u00e1s Kreplak<\/strong>, dijo que <strong>\u201cestamos ante la peor epidemia de la historia\u201d<\/strong> y llam\u00f3 a profundizar las medidas de prevenci\u00f3n.<\/p>\n<blockquote><p>En rigor, los casos subieron un 66% en una semana al pasar de 1796 confirmados a 2997, mientras que desde el inicio del nuevo brote se contabilizaron cuatro muertes declaradas.<\/p><\/blockquote>\n<p>\u201cDel total de casos confirmados,<strong> 914 refieren antecedente de viaje principalmente a Chaco, Formosa y Misiones,<\/strong> 1.936 casos no tienen antecedente de viaje y en 147 casos se encuentra en investigaci\u00f3n el antecedente de viaje\u201d, inform\u00f3 el Bolet\u00edn Epidemiol\u00f3gico bonaerense.<\/p>\n<p>Adem\u00e1s, mencion\u00f3 que<strong> los municipios con tasas de incidencia m\u00e1s altas son San Fernando, Hurlingham, Vicente L\u00f3pez, San Isidro, Jos\u00e9 C. Paz, Mor\u00f3n, Bah\u00eda Blanca, Esteban Echeverr\u00eda y Malvinas Argentinas.<\/strong> En todos los brotes se identific\u00f3 la circulaci\u00f3n de serotipo DEN-1 y DEN-2 y en Mor\u00f3n un caso DEN-3.<\/p>\n<p>Entre las comunas <strong>en brote se encuentran San Pedro, San Mart\u00edn, Pilar, Tigre, Vicente L\u00f3pez, Ezeiza, Berazategui, Avellaneda, Florencio Varela, Almirante Brown, Quilmes, Lomas de Zamora, Tres de Febrero, Moreno, Merlo y La Matanza.<\/strong><\/p>\n<p>Del documento oficial se desprende que se identificaron predominantemente el <strong>serotipo DEN2, seguido de DEN1 y DEN3.<\/strong><\/p>\n<p>Desde hace algunos a\u00f1os, la circulaci\u00f3n simult\u00e1nea de m\u00e1s de un serotipo pone en riesgo a\u00fan m\u00e1s la salud de la poblaci\u00f3n. Es que <strong>la infecci\u00f3n por un serotipo, seguida por otra infecci\u00f3n con un serotipo diferente aumenta el riesgo de una persona de padecer dengue grave, lo que puede ser mortal.<\/strong><\/p>\n<p><img data-recalc-dims=\"1\" loading=\"lazy\" decoding=\"async\" class=\"alignnone size-full wp-image-84112\" src=\"https:\/\/i0.wp.com\/cdnoticias.com\/wp-content\/uploads\/2023\/05\/dengue.jpg?resize=800%2C445&#038;ssl=1\" alt=\"\" width=\"800\" height=\"445\" srcset=\"https:\/\/i0.wp.com\/cdnoticias.com\/wp-content\/uploads\/2023\/05\/dengue.jpg?w=800&amp;ssl=1 800w, https:\/\/i0.wp.com\/cdnoticias.com\/wp-content\/uploads\/2023\/05\/dengue.jpg?resize=300%2C167&amp;ssl=1 300w, https:\/\/i0.wp.com\/cdnoticias.com\/wp-content\/uploads\/2023\/05\/dengue.jpg?resize=768%2C427&amp;ssl=1 768w\" sizes=\"auto, (max-width: 800px) 100vw, 800px\" \/><\/p>\n<h2>Los fallecidos<\/h2>\n<p>El primer fallecido fue un <strong>hombre de 48 a\u00f1os con residencia en Esteban Echeverr\u00eda,<\/strong> sin antecedente de viaje (aut\u00f3ctono) y con comorbilidades; con diagn\u00f3stico de dengue confirmado sin serotipo.<\/p>\n<p>\u201cEl paciente inici\u00f3 s\u00edntomas el 22\/1, resultando internado el 29\/1 en cuidados intensivos por mala evoluci\u00f3n cl\u00ednica, falleciendo el 30\/1 con diagn\u00f3stico shock con falla multiorg\u00e1nica\u201d, indicaron en el informe.<\/p>\n<p>El segundo caso corresponde a una <strong>mujer de mujer de 44 a\u00f1os con residencia en Moreno,<\/strong> de nacionalidad paraguaya y se encuentran en investigaci\u00f3n el antecedente de dengue previo, antecedente de viaje y comorbilidades. \u201cLa paciente comenz\u00f3 con s\u00edntomas en el 17\/2 (SE 7), ingres\u00f3 a la internaci\u00f3n el 20\/2 y falleciendo el 21\/2. Cuenta con diagn\u00f3stico de dengue confirmado serotipo DEN-2\u201d, indicaron.<\/p>\n<p>\u201cEl tercer caso fallecido corresponde a una <strong>mujer de 35 a\u00f1os de nacionalidad paraguaya con residencia en Florencio Varela<\/strong> cuyos antecedentes se encuentran en investigaci\u00f3n. La paciente fue atendida el 21\/2 (SE8) falleciendo el 22\/2. Cuenta con diagn\u00f3stico de dengue confirmado y el serotipo se encuentra en estudio\u201d, continu\u00f3 el informe.<\/p>\n<p>Mientras que el cuarto caso corresponde a <strong>una ni\u00f1a de 8 a\u00f1os de nacionalidad boliviana con residencia en Lan\u00fas<\/strong> cuyos antecedentes se encuentran en investigaci\u00f3n. La paciente comenz\u00f3 con s\u00edntomas el 18\/2 (SE8) y fecha de fallecimiento el 21\/2. Cuenta con diagn\u00f3stico de dengue confirmado y el serotipo se encuentra en estudio.<\/p>\n<p>En tanto, <strong>si bien a\u00fan no figura en el Bolet\u00edn, el jueves pasado falleci\u00f3 en La Plata un hombre de 42 a\u00f1os<\/strong> por la enfermedad.<\/p>\n<h2>\u00bfQu\u00e9 es el dengue y c\u00f3mo se transmite?<\/h2>\n<p>Es una enfermedad viral transmitida por la picadura del<strong> mosquito Aedes aegypti.<\/strong> Cuando el mosquito se alimenta con sangre de una persona enferma de dengue, y luego pica a otras personas, puede transmitir esta enfermedad.<strong> El contagio se produce principalmente por la picadura de los mosquitos infectados, nunca de forma directa de una persona a otra, ni a trav\u00e9s de objetos o de la leche materna.<\/strong><\/p>\n<h2>\u00bfCu\u00e1les son los s\u00edntomas?<\/h2>\n<p><strong>Fiebre (38\u00b0 o m\u00e1s)<\/strong> acompa\u00f1ada de uno o m\u00e1s de los siguientes s\u00edntomas:<\/p>\n<p>-Dolor de cabeza, detr\u00e1s de los ojos, muscular y\/o de articulaciones<\/p>\n<p>-N\u00e1useas y\/o v\u00f3mitos<\/p>\n<p>-Cansancio intenso<\/p>\n<p>-Aparici\u00f3n de manchas en la piel<\/p>\n<p>-Picaz\u00f3n<\/p>\n<p>-Sangrado de nariz y\/o enc\u00edas<\/p>\n<p>Ante la presencia de fiebre y cualquiera de estos s\u00edntomas se debe acudir de manera inmediata al centro de salud m\u00e1s cercano para recibir el tratamiento adecuado.<\/p>\n<p><em>Fuente: DIB.<\/em><\/p>\n","protected":false},"excerpt":{"rendered":"<p>As\u00ed lo indic\u00f3 el ministro de Salud bonaerense, Nicol\u00e1s Kreplak. Los casos crecieron un 66%, hay 25 municipios en brote<\/p>\n","protected":false},"author":2,"featured_media":101523,"comment_status":"closed","ping_status":"closed","sticky":false,"template":"","format":"standard","meta":{"_jetpack_memberships_contains_paid_content":false,"footnotes":""},"categories":[6,1],"tags":[],"class_list":["post-109706","post","type-post","status-publish","format-standard","has-post-thumbnail","hentry","category-nacionales","category-portada"],"jetpack_featured_media_url":"https:\/\/i0.wp.com\/cdnoticias.com\/wp-content\/uploads\/2023\/11\/kreplak4-scaled.jpg?fit=2560%2C1424&ssl=1","jetpack_sharing_enabled":true,"_links":{"self":[{"href":"https:\/\/cdnoticias.com\/index.php\/wp-json\/wp\/v2\/posts\/109706","targetHints":{"allow":["GET"]}}],"collection":[{"href":"https:\/\/cdnoticias.com\/index.php\/wp-json\/wp\/v2\/posts"}],"about":[{"href":"https:\/\/cdnoticias.com\/index.php\/wp-json\/wp\/v2\/types\/post"}],"author":[{"embeddable":true,"href":"https:\/\/cdnoticias.com\/index.php\/wp-json\/wp\/v2\/users\/2"}],"replies":[{"embeddable":true,"href":"https:\/\/cdnoticias.com\/index.php\/wp-json\/wp\/v2\/comments?post=109706"}],"version-history":[{"count":0,"href":"https:\/\/cdnoticias.com\/index.php\/wp-json\/wp\/v2\/posts\/109706\/revisions"}],"wp:featuredmedia":[{"embeddable":true,"href":"https:\/\/cdnoticias.com\/index.php\/wp-json\/wp\/v2\/media\/101523"}],"wp:attachment":[{"href":"https:\/\/cdnoticias.com\/index.php\/wp-json\/wp\/v2\/media?parent=109706"}],"wp:term":[{"taxonomy":"category","embeddable":true,"href":"https:\/\/cdnoticias.com\/index.php\/wp-json\/wp\/v2\/categories?post=109706"},{"taxonomy":"post_tag","embeddable":true,"href":"https:\/\/cdnoticias.com\/index.php\/wp-json\/wp\/v2\/tags?post=109706"}],"curies":[{"name":"wp","href":"https:\/\/api.w.org\/{rel}","templated":true}]}}