{"id":10970,"date":"2021-01-08T18:09:54","date_gmt":"2021-01-08T21:09:54","guid":{"rendered":"http:\/\/www.centraldenoticias.com.ar\/?p=10970"},"modified":"2021-01-08T18:50:22","modified_gmt":"2021-01-08T21:50:22","slug":"vacunas-coopelectric-informo-un-corte-de-luz-de-2-minutos-en-la-tarde-del-domingo","status":"publish","type":"post","link":"https:\/\/cdnoticias.com\/index.php\/2021\/01\/08\/vacunas-coopelectric-informo-un-corte-de-luz-de-2-minutos-en-la-tarde-del-domingo\/","title":{"rendered":"Vacunas: Coopelectric inform\u00f3 un corte de luz de 2 minutos en la tarde del domingo"},"content":{"rendered":"<p>En medios nacionales y bonaerenses trascendi\u00f3 la noticia de una interrupci\u00f3n del servicio en horas previas al descubrimiento de la p\u00e9rdida de frio de las dosis. Todos los detalles.<!--more--><\/p>\n<hr \/>\n<p>La investigaci\u00f3n que pretende dilucidar <a href=\"https:\/\/cdnoticias.com\/index.php\/2021\/01\/04\/por-la-perdida-de-la-cadena-de-frio-debieron-tirar-todas-las-vacunas-contra-el-coronavirus\/\" target=\"_blank\" rel=\"noopener\">qu\u00e9 sucedi\u00f3 con la primera partida de vacunas que debieron ser desechadas por la p\u00e9rdida de la cadena de fr\u00edo<\/a> sigue sumando elementos de prueba, tal es as\u00ed que a la mesa de trabajo de la fiscal\u00eda 10 ingres\u00f3 en las \u00faltimas horas <strong>un oficio de Coopelectric, en respuesta a un pedido de informes acerca de la prestaci\u00f3n del servicio el\u00e9ctrico desde el d\u00eda de ingreso de las dosis al Hospital de Oncolog\u00eda hasta la jornada en la que se formaliz\u00f3 la denuncia<\/strong>.<\/p>\n<p>&nbsp;<\/p>\n<p><img data-recalc-dims=\"1\" loading=\"lazy\" decoding=\"async\" class=\"alignnone size-large wp-image-1882\" src=\"https:\/\/i0.wp.com\/cdnoticias.com\/wp-content\/uploads\/2020\/09\/WhatsApp-Image-2020-08-31-at-16.11.41-4.jpeg?resize=800%2C600&#038;ssl=1\" alt=\"\" width=\"800\" height=\"600\" \/><\/p>\n<p>&nbsp;<\/p>\n<p>La situaci\u00f3n cobr\u00f3 relevancia y trascendencia este viernes, a partir de la publicaci\u00f3n en medios nacionales y bonaerenses de que la firma local habr\u00eda informado de <strong>una interrupci\u00f3n el suministro en la jornada del domingo, precisamente el d\u00eda previo a los hechos.<\/strong><\/p>\n<p>&nbsp;<\/p>\n<p>Central de Noticias dialog\u00f3 con diversas fuentes y de esa manera logr\u00f3 tener acceso a las precisiones del escrito presentado a la justicia desde Coopelectic. En el documento se detalla efectivamente que <strong>el domingo 3 de enero se registr\u00f3 un corte que se extendi\u00f3 por alrededor de dos minutos, y que sucedi\u00f3 poco despu\u00e9s de las 14.<\/strong><\/p>\n<p>&nbsp;<\/p>\n<p><img data-recalc-dims=\"1\" loading=\"lazy\" decoding=\"async\" class=\"alignnone size-large wp-image-10652\" src=\"https:\/\/i0.wp.com\/cdnoticias.com\/wp-content\/uploads\/2021\/01\/WhatsApp-Image-2021-01-05-at-10.29.17.jpeg?resize=800%2C450&#038;ssl=1\" alt=\"\" width=\"800\" height=\"450\" srcset=\"https:\/\/i0.wp.com\/cdnoticias.com\/wp-content\/uploads\/2021\/01\/WhatsApp-Image-2021-01-05-at-10.29.17.jpeg?resize=1024%2C576&amp;ssl=1 1024w, https:\/\/i0.wp.com\/cdnoticias.com\/wp-content\/uploads\/2021\/01\/WhatsApp-Image-2021-01-05-at-10.29.17.jpeg?resize=300%2C169&amp;ssl=1 300w, https:\/\/i0.wp.com\/cdnoticias.com\/wp-content\/uploads\/2021\/01\/WhatsApp-Image-2021-01-05-at-10.29.17.jpeg?resize=768%2C432&amp;ssl=1 768w, https:\/\/i0.wp.com\/cdnoticias.com\/wp-content\/uploads\/2021\/01\/WhatsApp-Image-2021-01-05-at-10.29.17.jpeg?w=1280&amp;ssl=1 1280w\" sizes=\"auto, (max-width: 800px) 100vw, 800px\" \/><\/p>\n<p>&nbsp;<\/p>\n<p>Todo se debi\u00f3 a <strong>tareas que debieron realizarse sobre una subestaci\u00f3n transformadora con el dato no menor, seg\u00fan se a\u00f1adi\u00f3, que dicho corte en el suministro no dio lugar a reclamos o da\u00f1os por usuarios de la zona afectada<\/strong>. En ese apartado se detall\u00f3 que se trata de un sector que alcanza a m\u00e1s de mil usuarios.<\/p>\n<p>&nbsp;<\/p>\n<p><strong>Ahora restar\u00e1 conocer la valoraci\u00f3n de esos elementos por parte de la fiscal Viviana Beyt\u00eda y su equipo de trabajo<\/strong>, los cuales tambi\u00e9n ser\u00e1n cotejados por otros investigadores e ingenieros electr\u00f3mec\u00e1nicos que en calidad de id\u00f3neos fueron convocados por la Justicia para realizar un relevamiento y estudio del lugar donde se encontraban en las dosis en cuanto al suministro el\u00e9ctrico y conexiones, entre otra serie de \u00edtems.<\/p>\n","protected":false},"excerpt":{"rendered":"<p>En medios nacionales y bonaerenses trascendi\u00f3 la noticia de una interrupci\u00f3n del servicio en horas previas al descubrimiento de la<\/p>\n","protected":false},"author":3,"featured_media":10971,"comment_status":"closed","ping_status":"closed","sticky":false,"template":"","format":"standard","meta":{"_jetpack_memberships_contains_paid_content":false,"footnotes":""},"categories":[5,1],"tags":[],"class_list":["post-10970","post","type-post","status-publish","format-standard","has-post-thumbnail","hentry","category-informacion-general","category-portada"],"jetpack_featured_media_url":"https:\/\/i0.wp.com\/cdnoticias.com\/wp-content\/uploads\/2021\/01\/WhatsApp-Image-2021-01-08-at-11.15.21.jpeg?fit=1040%2C780&ssl=1","jetpack_sharing_enabled":true,"_links":{"self":[{"href":"https:\/\/cdnoticias.com\/index.php\/wp-json\/wp\/v2\/posts\/10970","targetHints":{"allow":["GET"]}}],"collection":[{"href":"https:\/\/cdnoticias.com\/index.php\/wp-json\/wp\/v2\/posts"}],"about":[{"href":"https:\/\/cdnoticias.com\/index.php\/wp-json\/wp\/v2\/types\/post"}],"author":[{"embeddable":true,"href":"https:\/\/cdnoticias.com\/index.php\/wp-json\/wp\/v2\/users\/3"}],"replies":[{"embeddable":true,"href":"https:\/\/cdnoticias.com\/index.php\/wp-json\/wp\/v2\/comments?post=10970"}],"version-history":[{"count":0,"href":"https:\/\/cdnoticias.com\/index.php\/wp-json\/wp\/v2\/posts\/10970\/revisions"}],"wp:featuredmedia":[{"embeddable":true,"href":"https:\/\/cdnoticias.com\/index.php\/wp-json\/wp\/v2\/media\/10971"}],"wp:attachment":[{"href":"https:\/\/cdnoticias.com\/index.php\/wp-json\/wp\/v2\/media?parent=10970"}],"wp:term":[{"taxonomy":"category","embeddable":true,"href":"https:\/\/cdnoticias.com\/index.php\/wp-json\/wp\/v2\/categories?post=10970"},{"taxonomy":"post_tag","embeddable":true,"href":"https:\/\/cdnoticias.com\/index.php\/wp-json\/wp\/v2\/tags?post=10970"}],"curies":[{"name":"wp","href":"https:\/\/api.w.org\/{rel}","templated":true}]}}