{"id":109655,"date":"2024-02-26T08:31:17","date_gmt":"2024-02-26T11:31:17","guid":{"rendered":"https:\/\/cdnoticias.com\/?p=109655"},"modified":"2024-02-26T08:31:19","modified_gmt":"2024-02-26T11:31:19","slug":"azul-peritos-de-tribunales-realizaran-una-medida-de-fuerza-el-miercoles","status":"publish","type":"post","link":"https:\/\/cdnoticias.com\/index.php\/2024\/02\/26\/azul-peritos-de-tribunales-realizaran-una-medida-de-fuerza-el-miercoles\/","title":{"rendered":"Azul: peritos de Tribunales realizar\u00e1n una medida de fuerza el mi\u00e9rcoles"},"content":{"rendered":"<p>El reclamo es por el 15% de reconocimiento de t\u00edtulo que fue anunciado en octubre y a\u00fan no se ha percibido. Har\u00e1n retenci\u00f3n de firmas en la Provincia. \u201cEs una barbaridad, porque b\u00e1sicamente es una mentira expl\u00edcita sobre su salario\u201d dijo la AJB Azul.<\/p>\n<p><!--more--><\/p>\n<hr \/>\n<p><strong>Los peritos de Tribunales de Azul realizar\u00e1n una medida de fuerza el mi\u00e9rcoles<\/strong> en reclamo por el <strong>pago de 15% de reconocimiento de t\u00edtulo<\/strong>, lo que fue anunciado en octubre y a\u00fan no se ha percibido. La acci\u00f3n de protesta consiste en<strong> retenci\u00f3n de firmas<\/strong>.<\/p>\n<p>La <strong>secretaria general Asociaci\u00f3n Judicial Bonaerense (AJB) Departamental Azul, Mar\u00eda Eugenia Lazarte<\/strong>, confirm\u00f3 que &#8220;una lucha que estamos dando hoy en d\u00eda, tratando de hacerla cada vez m\u00e1s grande, es el tema del reconocimiento a los peritos dentro del Poder Judicial&#8221;. Explic\u00f3 que <strong>el planteo &#8220;viene desde hace much\u00edsimos a\u00f1os. Tuvimos la noticia, en octubre pasado, que iba a existir un reconocimiento por t\u00edtulo para los peritos y que se iba a hacer efectiva en enero de este a\u00f1o<\/strong>, y una buena parte del reclamo tiene que ver con eso. <strong>Hasta el d\u00eda de la fecha no hay absolutamente nada<\/strong>. Desde el Gobierno plantean que no est\u00e1 la partida&#8221; presupuestaria.<\/p>\n<blockquote><p>Adem\u00e1s, &#8220;no tenemos acceso todav\u00eda a las resoluciones donde se plantea que se iba a pagar este monto. Sin embargo, se sali\u00f3 a decir en todos lados en octubre del a\u00f1o pasado que este monto se iba a pagar; que estaba el compromiso desde el Poder Ejecutivo y que tambi\u00e9n estaba el compromiso desde la Corte de hacer este reconocimiento del 15 por ciento sobre el salario a los peritos, y la realidad es que esto no ocurri\u00f3&#8221;.<\/p><\/blockquote>\n<p>Lazarte dijo que a &#8220;este reclamo lo venimos hablando desde que comenz\u00f3 el 2024. Est\u00e1bamos a la espera de que se liquide este monto a los peritos, pero no tenemos ninguna noticia.<strong> Se hicieron asambleas interdepartamentales online de m\u00e1s de 200 personas<\/strong>, tanto zonales, de algunas Departamentales, como de toda la provincia; asambleas de horas y horas donde las y los peritos expresaron la necesidad de que todos los judiciales salgamos a reclamar por este pago&#8221;.<\/p>\n<p>Asegur\u00f3 al respecto que &#8220;todo eso se dijo en octubre de 2023, pero al d\u00eda de hoy no hay absolutamente nada. Incluso<strong> se reclam\u00f3 en las reuniones paritarias anteriores<\/strong> y en la \u00faltima, de esta semana, pero <strong>no hubo respuesta de parte del Ejecutivo respecto a esto<\/strong>. Plantearon que no estaba solucionado, que no estaban los montos, as\u00ed que se decidi\u00f3 una medida de fuerza&#8221;.<\/p>\n<blockquote><p>Por ello, &#8220;el 28 de febrero va a haber retenci\u00f3n de firmas por parte de los peritos&#8221;. Lazarte puntualiz\u00f3 que &#8220;la idea, desde nuestra Departamental, m\u00e1s all\u00e1 de la retenci\u00f3n de firmas que se va a realizar, es reunirnos con ellos, porque la realidad es que es incre\u00edble que se haya hecho un anuncio, de la magnitud que se hizo, asegurando que exist\u00eda la partida presupuestaria, asegurando que estaba el dinero&#8221;.<\/p><\/blockquote>\n<p>&#8220;La manera en que vamos a acompa\u00f1ar desde la Departamental es intentando nuclear a los peritos y<strong> establecer una mesa de di\u00e1logo a nivel de la Departamental Azul, apoyando esta retenci\u00f3n de firmas&#8221;<\/strong>, refiri\u00f3 la titular de la AJB.<\/p>\n<p>Por otra parte, analiz\u00f3 que &#8220;si bien es una lucha de ellos,<strong> en realidad es una lucha de todo el Poder Judicial.<\/strong> Estamos indignados, como judiciales, que les hayan dicho a nuestros compa\u00f1eros que iba a haber un reconocimiento del 15 por ciento, que estaba asegurado ese monto, y que todav\u00eda no lo est\u00e9n cobrando. Eso es una barbaridad, porque b\u00e1sicamente es una mentira expl\u00edcita sobre su salario\u201d.<\/p>\n<p>Se\u00f1al\u00f3 que <em>al no estar las resoluciones, \u201cno tenemos el acceso como para poder hacer una pelea m\u00e1s legal\u201d.<\/em><\/p>\n<p>En ese contexto, Mar\u00eda Eugenia Lazarte asever\u00f3 que<strong> &#8220;el reclamo de los peritos no es un monto porque s\u00ed; no se trata de algo descabellado.<\/strong> Estamos hablando de profesionales, de personas que tienen una experticia, que se tienen que expedir respecto a esa experticia, que tienen que firmar informes y ser responsables de esos informes que firmaron. Son auxiliares de Justicia, pero est\u00e1n capacitados cada cual en una materia en particular -estamos hablando de m\u00e9dicos, psic\u00f3logos, trabajadores sociales, inform\u00e1ticos, etc.- y adem\u00e1s de tener una carrera judicial mucho m\u00e1s corta que el resto de las personas que trabajamos en el Poder Judicial, no tienen ning\u00fan reconocimiento pecuniario extra. Y, en cada una de sus pericias, tienen que dar uso de su experticia, de todo lo que estudiaron y ponerlo en pr\u00e1ctica, y firmar con responsabilidad por el t\u00edtulo profesional que tienen&#8221;.<\/p>\n<p>Precis\u00f3, adem\u00e1s, que &#8220;en el Poder Judicial nosotros tenemos abogados, por ejemplo. A nosotros se nos paga un bloqueo de matr\u00edcula. Los que lo tenemos es por no poder ejercer la profesi\u00f3n por fuera del Poder Judicial, pero adem\u00e1s porque es inevitable utilizar nuestra experticia -en este caso, el Derecho- en el trabajo que hacemos. Lo mismo pasa con los contadores, que tambi\u00e9n tienen una diferencia en su salario; al igual que los martilleros que no pueden ejercer por fuera del Poder Judicial, y tenemos muchas materias donde se les paga&#8221;.<\/p>\n<p>&#8220;Pero tenemos el caso puntual de los peritos -a\u00f1adi\u00f3-, como es el caso de psic\u00f3logos, trabajadores sociales, m\u00e9dico, pediatra y muchos m\u00e1s, que no tienen una diferencia salarial como el resto, y <em>est\u00e1n poniendo en juego su matr\u00edcula todo el tiempo<\/em>, firmando las pericias que hacen, haciendo declaraciones al respecto y poniendo en juego su experticia, utiliz\u00e1ndola en el Poder Judicial y el Poder Judicial eso no lo reconoce&#8221;.<\/p>\n<p>Fuente y foto:<em> Diario El Tiempo<\/em><\/p>\n","protected":false},"excerpt":{"rendered":"<p>El reclamo es por el 15% de reconocimiento de t\u00edtulo que fue anunciado en octubre y a\u00fan no se ha<\/p>\n","protected":false},"author":4,"featured_media":109656,"comment_status":"closed","ping_status":"closed","sticky":false,"template":"","format":"standard","meta":{"_jetpack_memberships_contains_paid_content":false,"footnotes":""},"categories":[6,1],"tags":[],"class_list":["post-109655","post","type-post","status-publish","format-standard","has-post-thumbnail","hentry","category-nacionales","category-portada"],"jetpack_featured_media_url":"https:\/\/i0.wp.com\/cdnoticias.com\/wp-content\/uploads\/2024\/02\/poder-judicial-azul-Diario-El-Tiempo.jpeg?fit=948%2C533&ssl=1","jetpack_sharing_enabled":true,"_links":{"self":[{"href":"https:\/\/cdnoticias.com\/index.php\/wp-json\/wp\/v2\/posts\/109655","targetHints":{"allow":["GET"]}}],"collection":[{"href":"https:\/\/cdnoticias.com\/index.php\/wp-json\/wp\/v2\/posts"}],"about":[{"href":"https:\/\/cdnoticias.com\/index.php\/wp-json\/wp\/v2\/types\/post"}],"author":[{"embeddable":true,"href":"https:\/\/cdnoticias.com\/index.php\/wp-json\/wp\/v2\/users\/4"}],"replies":[{"embeddable":true,"href":"https:\/\/cdnoticias.com\/index.php\/wp-json\/wp\/v2\/comments?post=109655"}],"version-history":[{"count":0,"href":"https:\/\/cdnoticias.com\/index.php\/wp-json\/wp\/v2\/posts\/109655\/revisions"}],"wp:featuredmedia":[{"embeddable":true,"href":"https:\/\/cdnoticias.com\/index.php\/wp-json\/wp\/v2\/media\/109656"}],"wp:attachment":[{"href":"https:\/\/cdnoticias.com\/index.php\/wp-json\/wp\/v2\/media?parent=109655"}],"wp:term":[{"taxonomy":"category","embeddable":true,"href":"https:\/\/cdnoticias.com\/index.php\/wp-json\/wp\/v2\/categories?post=109655"},{"taxonomy":"post_tag","embeddable":true,"href":"https:\/\/cdnoticias.com\/index.php\/wp-json\/wp\/v2\/tags?post=109655"}],"curies":[{"name":"wp","href":"https:\/\/api.w.org\/{rel}","templated":true}]}}