{"id":109647,"date":"2024-02-25T19:35:51","date_gmt":"2024-02-25T22:35:51","guid":{"rendered":"https:\/\/cdnoticias.com\/?p=109647"},"modified":"2024-02-26T08:30:40","modified_gmt":"2024-02-26T11:30:40","slug":"auditoria-de-wesner-en-la-municipalidad-observo-contratos-de-servicios-y-de-asesores-en-la-gestion-galli","status":"publish","type":"post","link":"https:\/\/cdnoticias.com\/index.php\/2024\/02\/25\/auditoria-de-wesner-en-la-municipalidad-observo-contratos-de-servicios-y-de-asesores-en-la-gestion-galli\/","title":{"rendered":"Auditor\u00eda de Wesner en la Municipalidad: observ\u00f3 contratos de servicios y de asesores en la gesti\u00f3n Galli"},"content":{"rendered":"<p>El intendente cont\u00f3 el estado de cosas que se encontr\u00f3 en Olavarr\u00eda, los planes para el futuro y el impacto en el distrito del plan econ\u00f3mico nacional. Se quej\u00f3 de que el STMO \u201csigue sin acatar la intervenci\u00f3n del ministerio de Trabajo. Es grav\u00edsimo\u201d.<\/p>\n<p><!--more--><\/p>\n<hr \/>\n<p>Por<em> Andr\u00e9s Lavaselli \/ Redacci\u00f3n de DIB<\/em><\/p>\n<p><strong>Maximiliano Wesner, el actual intendente de Olavarr\u00eda<\/strong>, fue parte de la oleada de triunfos peronistas que volvieron a poner alcaldes de ese color pol\u00edtico al frente de comunas del centro de la provincia. En di\u00e1logo con DIB cuenta <em>el estado de cosas que se encontr\u00f3, los planes para el futuro y el impacto que est\u00e1 teniendo en el distrito el plan econ\u00f3mico nacional<\/em>. El <strong>corte de los subsidios al transporte<\/strong> es un tema de <strong>alto impacto<\/strong>, pero tambi\u00e9n la <strong>ca\u00edda de la actividad que afecta a la recaudaci\u00f3n municipal<\/strong> y limita la capacidad de ayuda ante la emergencia social.<\/p>\n<p><em>-\u00bfFue el primer intendente peronista de Olavarr\u00eda en muchos a\u00f1os, con qu\u00e9 municipio se encontr\u00f3 cuando asumi\u00f3?<\/em><\/p>\n<p>Desde el 87 que el peronismo no ganaba en el centro de la provincia. <strong>Los festejos traspasaron las generaciones<\/strong>, personas arriba de los 60 o 70 a\u00f1os lo festejaron como un hecho hist\u00f3rico, con muchos recuerdos. <strong>Nos encontramos con un municipio desordenado en todas sus \u00e1reas<\/strong>. En especial a los horarios de trabajo, a un retraso salarial enorme, con mala calidad de los servicios que ofrece. La gesti\u00f3n saliente present\u00f3, con corte 20 de noviembre de 2023, un d\u00e9ficit de $ 1.500 millones. Contando como algo positivo, algo que es negativo. Sin tener en cuenta la<strong> redeterminaci\u00f3n del precio de la obra p\u00fablica -alguna que no tendr\u00eda que haberse hecho y se hizo igual en el a\u00f1o electoral-<\/strong> y que llevan ese <strong>d\u00e9ficit al 10 de diciembre $ 4 mil millones<\/strong>.<\/p>\n<p><em>-\u00bfEs solo deficiencia de gesti\u00f3n o encontraron irregularidades?<\/em><\/p>\n<p><strong>Estamos trabajando en una auditor\u00eda, revisando los servicios que realiza el municipio, las contrataciones que hac\u00eda el manejo de recurso<\/strong>. A modo de ejemplo, nosotros encontramos en la transici\u00f3n un llamado a<strong> licitaci\u00f3n privada del corte de pasto del aer\u00f3dromo<\/strong>. El precio de referencia era de $ 66 millones, que con las redeterminaciones eso r\u00e1pidamente es m\u00e1s. Decidimos hacerlo con personal municipal como se hac\u00eda antiguamente. Y para un semestre<strong> logramos un ahorro de 100 millones aproximadamente<\/strong>. O la <strong>contrataci\u00f3n de servicios personales innecesarios, como asesoramientos que no estaban en el organigrama pero encontramos los contratos<\/strong>. Se abult\u00f3 innecesariamente el gasto y no solo en los \u00faltimos a\u00f1os.<\/p>\n<p><em>-\u00bfSe trata de malos manejos o hay sospechas de irregularidades?<\/em><\/p>\n<blockquote><p>No quiero decir que los servicios no se prestaban, sino que lo menciono en relaci\u00f3n al orden que estamos dando a la gesti\u00f3n. Pero queremos que se note que hab\u00eda cuestiones que se pod\u00edan hacer de otra forma, y m\u00e1s barato. No solamente para la administraci\u00f3n, sino que est\u00e1n en juego los recursos de los olavarrienses<\/p><\/blockquote>\n<p><img data-recalc-dims=\"1\" loading=\"lazy\" decoding=\"async\" class=\"size-full wp-image-107313 aligncenter\" src=\"https:\/\/i0.wp.com\/cdnoticias.com\/wp-content\/uploads\/2024\/01\/WhatsApp-Image-2024-01-23-at-09.27.56.jpg?resize=795%2C442&#038;ssl=1\" alt=\"\" width=\"795\" height=\"442\" srcset=\"https:\/\/i0.wp.com\/cdnoticias.com\/wp-content\/uploads\/2024\/01\/WhatsApp-Image-2024-01-23-at-09.27.56.jpg?w=795&amp;ssl=1 795w, https:\/\/i0.wp.com\/cdnoticias.com\/wp-content\/uploads\/2024\/01\/WhatsApp-Image-2024-01-23-at-09.27.56.jpg?resize=300%2C167&amp;ssl=1 300w, https:\/\/i0.wp.com\/cdnoticias.com\/wp-content\/uploads\/2024\/01\/WhatsApp-Image-2024-01-23-at-09.27.56.jpg?resize=768%2C427&amp;ssl=1 768w\" sizes=\"auto, (max-width: 795px) 100vw, 795px\" \/><\/p>\n<p><em>-\u00bfHay un conflicto fuerte con los municipales, con un episodio de protesta incluso cuando fue el gobernador Axel Kicillof de visita?<\/em><\/p>\n<p>Llam\u00e9 a paritarias el 17 de enero la primera. Sab\u00eda que era urgente por el atraso salarial que hab\u00eda: el \u00faltimo aumento hab\u00eda sido en octubre de 2023, el 6%. Nosotros en 45 d\u00edas de gobierno pagamos dos haberes y medio, diciembre el medio aguinaldo y enero con aumento, casi sin alcanzar a acomodarnos. Yo sab\u00eda que era urgente y enero un mes largo, ven\u00edamos de un aumento de 25% en enero adem\u00e1s. <strong>Fueron tres reuniones en muy buenos t\u00e9rminos. Ofrecimos el 30% un monto que incluso fue llamativo para el resto de los municipios<\/strong>, pagamos el bono de fin de a\u00f1o, de 80 mil para gran parte de los trabajadores. Como hay una cuesti\u00f3n financiera prorrogu\u00e9 en tres cuotas de 10% el aumento a los funcionarios.<\/p>\n<p><em>-Pero sigui\u00f3 el conflicto.<\/em><\/p>\n<blockquote><p>Ahora hay conciliaci\u00f3n obligatoria, el aumento fue por decreto porque enero se terminaba y hab\u00eda que liquidar los sueldos. No pod\u00edamos hacerlos sin aumento, era urgente y necesario eso. El di\u00e1logo siempre est\u00e1 abierto. Hubo quite de colaboraci\u00f3n y que a\u00fan hoy siguen, sin acatar la intervenci\u00f3n del ministerio de Trabajo. Es grav\u00edsimo lo que est\u00e1 sucediendo porque es el desconocimiento al pronunciamiento de una entidad administrativa como el Ministerio. Seguimos con quite de colaboraci\u00f3n<\/p><\/blockquote>\n<p><em>-\u00bfPuede haber sanciones para el gremio?<\/em><\/p>\n<p>Hay sanciones que est\u00e1n previstas, y las entidades obviamente est\u00e1n al tanto. La verdad es que es llamativo lo que pasa. Lo llam\u00e9 v\u00eda correo a negociaci\u00f3n, y la respuesta es que se juntaban en asamblea el d\u00eda posterior al llamado que yo hac\u00eda y mientras tanto segu\u00edan de paro. <strong>La voluntad de di\u00e1logo nuestra siempre estuvo.<\/strong><\/p>\n<p><em>-\u00bfHubo despidos o cese de contratos?<\/em><\/p>\n<p>Nada en absoluto. Al contrario, <strong>pusimos en valor a los trabajadores<\/strong>. Algunos son funcionarios de mi gobierno incluso.<\/p>\n<p><img data-recalc-dims=\"1\" loading=\"lazy\" decoding=\"async\" class=\"size-large wp-image-108270 aligncenter\" src=\"https:\/\/i0.wp.com\/cdnoticias.com\/wp-content\/uploads\/2024\/02\/02.jpeg?resize=800%2C533&#038;ssl=1\" alt=\"\" width=\"800\" height=\"533\" srcset=\"https:\/\/i0.wp.com\/cdnoticias.com\/wp-content\/uploads\/2024\/02\/02.jpeg?resize=1024%2C682&amp;ssl=1 1024w, https:\/\/i0.wp.com\/cdnoticias.com\/wp-content\/uploads\/2024\/02\/02.jpeg?resize=300%2C200&amp;ssl=1 300w, https:\/\/i0.wp.com\/cdnoticias.com\/wp-content\/uploads\/2024\/02\/02.jpeg?resize=768%2C512&amp;ssl=1 768w, https:\/\/i0.wp.com\/cdnoticias.com\/wp-content\/uploads\/2024\/02\/02.jpeg?resize=1536%2C1023&amp;ssl=1 1536w, https:\/\/i0.wp.com\/cdnoticias.com\/wp-content\/uploads\/2024\/02\/02.jpeg?resize=272%2C182&amp;ssl=1 272w, https:\/\/i0.wp.com\/cdnoticias.com\/wp-content\/uploads\/2024\/02\/02.jpeg?w=1600&amp;ssl=1 1600w\" sizes=\"auto, (max-width: 800px) 100vw, 800px\" \/><\/p>\n<p><em>-\u00bfC\u00f3mo impacta en Olavarr\u00eda el plan econ\u00f3mico nacional?<\/em><\/p>\n<p>Para m\u00ed hay una dualidad, que tiene que ver primero con el <strong>corrimiento del estado<\/strong>. La <strong>quita de los subsidios al transporte p\u00fablico<\/strong> es el ejemplo. Hoy <strong>se va a tarifas de $ 940, obviamente que los vecinos y vecinas no la van a poder pagar. El transporte se va a terminar cayendo<\/strong> si nosotros no somos creativos en ese sentido. Ahora estamos en el <strong>Concejo Deliberante<\/strong> con un <strong>proyecto para declarar la emergencia en el transporte<\/strong>. Nos reunimos todas la partes, gobierno, trabajadores, empresas, y yo les dec\u00eda cuando escuchan que tal o cual trabaja en un organismo y comentan \u00b4ah, vive del Estado\u00b4.<strong> Yo quiero decir que en un sentido todos vivimos del Estado.<\/strong> Las empresas, los propietarios, los representantes gremiales. Todos. Lo que est\u00e1bamos discutiendo es qu\u00e9 pasa cuando se corre el Estado, si libera una tarifa casi a $1000, lo que va a redundar en una falta de los cortes de boletos necesarios para poder costear el servicio.<\/p>\n<p><em>-\u00bfEl Municipio puede hacer algo?<\/em><\/p>\n<p>Estamos evaluando alternativas. Primero <strong>decretar la emergencia<\/strong>. En funci\u00f3n de eso, charlar con la Provincia y las empresas en busca de mantener el servicio. M\u00e1s en un contexto donde el combustible aumenta todas las semanas casi.<strong> Much\u00edsimos olavarrienses se volcar\u00edan al transporte p\u00fablico y no lo podr\u00edan usar porque el costo del boleto va a ser muy alto<\/strong>.<\/p>\n<p><em>-\u00bfCu\u00e1l es el otro aspecto de la dualidad que marcaba?<\/em><\/p>\n<p>La <strong>devaluaci\u00f3n del 118%<\/strong>, que no fue producto de una corrida cambiaria sino por acci\u00f3n directa de Estado. Y con una estructura de costos y servicios como la argentina que se traslad\u00f3 precios. Y hoy las cosas est\u00e1n car\u00edsimas.<strong> Eso hace que perdamos salario real<\/strong>. Nosotros tenemos dos multinacionales cementaras, Loma Negra y Cementos Avellaneda, claramente <strong>el despacho de cemento cay\u00f3 20%<\/strong>. El tributo caracter\u00edstico que tenemos es el <strong>Derecho de Explotaci\u00f3n de Canteras<\/strong> que representa el 19% de nuestros recursos. <strong>Cay\u00f3 el 25% interanual<\/strong>.<\/p>\n<blockquote><p>Hay una ca\u00edda notoria de la actividad: Olavarr\u00eda tiene 450 empresas de transporte log\u00edstico, de camiones, y hoy no hay flete. O sea se est\u00e1n empezando a ver despidos, hay mucho pedido de empleo, lo vemos en la Oficina de Empleo municipal. La dualidad tiene que ver con eso: el corrimiento del Estado, el desmanejo de la macroeconom\u00eda que hace que haya ca\u00edda de la actividad y eso lo sufrimos en los municipios, adem\u00e1s de las familias y las pymes.<\/p><\/blockquote>\n<p><img data-recalc-dims=\"1\" loading=\"lazy\" decoding=\"async\" class=\"size-full wp-image-90804 aligncenter\" src=\"https:\/\/i0.wp.com\/cdnoticias.com\/wp-content\/uploads\/2023\/07\/ruta-226-acceso-sierras-bayas-04.jpg?resize=800%2C445&#038;ssl=1\" alt=\"\" width=\"800\" height=\"445\" srcset=\"https:\/\/i0.wp.com\/cdnoticias.com\/wp-content\/uploads\/2023\/07\/ruta-226-acceso-sierras-bayas-04.jpg?w=800&amp;ssl=1 800w, https:\/\/i0.wp.com\/cdnoticias.com\/wp-content\/uploads\/2023\/07\/ruta-226-acceso-sierras-bayas-04.jpg?resize=300%2C167&amp;ssl=1 300w, https:\/\/i0.wp.com\/cdnoticias.com\/wp-content\/uploads\/2023\/07\/ruta-226-acceso-sierras-bayas-04.jpg?resize=768%2C427&amp;ssl=1 768w\" sizes=\"auto, (max-width: 800px) 100vw, 800px\" \/><\/p>\n<p><em>-\u00bfLe han planteado lo que les pasa al Gobierno Nacional?<\/em><\/p>\n<p>No hemos tenido la oportunidad. Pero s\u00ed nos atiende Provincia. Estuvo Gabriel Katopodis hace poquito ac\u00e1, visitando dos de las tres obras que tiene Naci\u00f3n. Una se licit\u00f3 y no arranc\u00f3, y las otras est\u00e1n paradas. Una es la ampliaci\u00f3n de la Facultad de Ciencias de la Salud y la obra el acceso a Sierras Bayas, una localidad con un potencial tur\u00edstico enorme. \u00c9l las vio y dice que no tiene interlocutor nacional que es el que las deber\u00eda financiar, para avanzar. Es grave.<\/p>\n<p><em>-\u00bfQu\u00e9 va a pasar con el clima social en este contexto?<\/em><\/p>\n<p><strong>La tasa de desempleo va a aumentar considerablemente, va a pasar por encima de los dos d\u00edgitos en meses<\/strong>. Queremos ser responsables y colaborar. Diagramar desde las variables que podemos manejar en la coyuntura local para que eso suceda lo menos posible. Queremos vivir en paz y en armon\u00eda y para eso hay que lograr que las familias puedan desarrollarse de la mejor forma posible. Pero la verdad es que con el precio de los alimentos, de los servicios, es imposible afrontar el costo de vida diario.<\/p>\n","protected":false},"excerpt":{"rendered":"<p>El intendente cont\u00f3 el estado de cosas que se encontr\u00f3 en Olavarr\u00eda, los planes para el futuro y el impacto<\/p>\n","protected":false},"author":4,"featured_media":109181,"comment_status":"closed","ping_status":"closed","sticky":false,"template":"","format":"standard","meta":{"_jetpack_memberships_contains_paid_content":false,"footnotes":""},"categories":[4,1],"tags":[],"class_list":["post-109647","post","type-post","status-publish","format-standard","has-post-thumbnail","hentry","category-politica","category-portada"],"jetpack_featured_media_url":"https:\/\/i0.wp.com\/cdnoticias.com\/wp-content\/uploads\/2024\/02\/kicillof-wesner-educadores-01.jpg?fit=800%2C445&ssl=1","jetpack_sharing_enabled":true,"_links":{"self":[{"href":"https:\/\/cdnoticias.com\/index.php\/wp-json\/wp\/v2\/posts\/109647","targetHints":{"allow":["GET"]}}],"collection":[{"href":"https:\/\/cdnoticias.com\/index.php\/wp-json\/wp\/v2\/posts"}],"about":[{"href":"https:\/\/cdnoticias.com\/index.php\/wp-json\/wp\/v2\/types\/post"}],"author":[{"embeddable":true,"href":"https:\/\/cdnoticias.com\/index.php\/wp-json\/wp\/v2\/users\/4"}],"replies":[{"embeddable":true,"href":"https:\/\/cdnoticias.com\/index.php\/wp-json\/wp\/v2\/comments?post=109647"}],"version-history":[{"count":0,"href":"https:\/\/cdnoticias.com\/index.php\/wp-json\/wp\/v2\/posts\/109647\/revisions"}],"wp:featuredmedia":[{"embeddable":true,"href":"https:\/\/cdnoticias.com\/index.php\/wp-json\/wp\/v2\/media\/109181"}],"wp:attachment":[{"href":"https:\/\/cdnoticias.com\/index.php\/wp-json\/wp\/v2\/media?parent=109647"}],"wp:term":[{"taxonomy":"category","embeddable":true,"href":"https:\/\/cdnoticias.com\/index.php\/wp-json\/wp\/v2\/categories?post=109647"},{"taxonomy":"post_tag","embeddable":true,"href":"https:\/\/cdnoticias.com\/index.php\/wp-json\/wp\/v2\/tags?post=109647"}],"curies":[{"name":"wp","href":"https:\/\/api.w.org\/{rel}","templated":true}]}}