{"id":109486,"date":"2024-02-25T09:07:04","date_gmt":"2024-02-25T12:07:04","guid":{"rendered":"https:\/\/cdnoticias.com\/?p=109486"},"modified":"2024-02-25T13:00:17","modified_gmt":"2024-02-25T16:00:17","slug":"los-gremios-docentes-bonaerenses-se-suman-al-paro-nacional-de-este-lunes","status":"publish","type":"post","link":"https:\/\/cdnoticias.com\/index.php\/2024\/02\/25\/los-gremios-docentes-bonaerenses-se-suman-al-paro-nacional-de-este-lunes\/","title":{"rendered":"Los gremios docentes bonaerenses se suman al paro nacional de este  lunes"},"content":{"rendered":"\n<p>En las \u00faltimas horas se sumaron Suteba, FEB y Udocba. La decisi\u00f3n no afecta las clases, que comienzan el viernes 1 de marzo.<\/p>\n\n\n\n<hr class=\"wp-block-separator aligncenter has-alpha-channel-opacity\"\/>\n\n\n\n<p>Los <strong>gremios docentes bonaerenses Suteba, FEB y Udocba confirmaron que se suman al paro de 24 horas<\/strong> <strong>de este lunes 26 <\/strong>convocado por la Confederaci\u00f3n de Trabajadores de la Educaci\u00f3n (Ctera).<\/p>\n\n\n\n<p><\/p>\n\n\n\n<p>La medida<strong> no afectar\u00e1 el normal inicio de las clases en la provincia porque el ciclo lectivo comienza el viernes 1 de marzo:<\/strong> <strong><em>\u201cEn rechazo a la eliminaci\u00f3n del FONID. En defensa de todas las partidas para educaci\u00f3n\u201d<\/em><\/strong>, se\u00f1alaron desde FEB tras anunciar la adhesi\u00f3n al paro.<\/p>\n\n\n\n<p><\/p>\n\n\n\n<blockquote class=\"wp-block-quote is-layout-flow wp-block-quote-is-layout-flow\">\n<p>Cabe recordar que el Gobierno nacional resolvi\u00f3 eliminar el Fondo Nacional de Incentivo Docente (FONID) creado en 1998 y prorrogado desde entonces por los diferentes gobiernos con distintas leyes y decretos, lo que en la pr\u00e1ctica significa una reducci\u00f3n salarial del 10% para los maestros.<\/p>\n<\/blockquote>\n\n\n\n<p><\/p>\n\n\n\n<p>Asimismo, tras idas y vueltas, Naci\u00f3n resolvi\u00f3 convocar a una reuni\u00f3n con los sindicatos que representan a los maestros para el <strong>martes 2 de marzo,<\/strong> un d\u00eda despu\u00e9s del inicio de las clases previsto en el calendario escolar.<\/p>\n\n\n\n<p><\/p>\n\n\n\n<p>\u201cSe ha dilatado intencionalmente la convocatoria a la reuni\u00f3n. Todos sab\u00edan cu\u00e1ndo se iniciaba el ciclo lectivo\u201d, advirti\u00f3 Sonia Alesso, a cargo de la Ctera, al tiempo que afirm\u00f3 que, de todas formas, el martes 27 se presentar\u00e1n a la audiencia a la que llam\u00f3 el Gobierno nacional.<\/p>\n\n\n\n<p><\/p>\n\n\n\n<blockquote class=\"wp-block-quote is-layout-flow wp-block-quote-is-layout-flow\">\n<p>\u201cNosotros ven\u00edamos reclamando la convocatoria a la paritaria desde enero. Hemos tenido reuni\u00f3n, pero la convocatoria no se daba. M\u00e1s all\u00e1 de lo sectorial hemos planteado la urgencia y necesidad de que se enviaran los fondos que fueron retra\u00eddos de forma irregular a las provincias y a los docentes\u201d, agreg\u00f3.<\/p>\n<\/blockquote>\n\n\n\n<p><\/p>\n\n\n\n<p>En relaci\u00f3n al<strong> comienzo del ciclo lectivo<\/strong>, el secretario de Cultura y Educaci\u00f3n bonaerense, <strong>Alberto Sileoni, mostr\u00f3 confianza en que las clases inicien normalmente en la provincia.<\/strong><\/p>\n\n\n\n<p><\/p>\n\n\n\n<p>En las \u00faltimas horas el <strong>Frente de Unidad Docente Bonaerense (FUDB), acept\u00f3 la propuesta salarial presentada por Axel Kicillof, que implica un aumento promedio del 20%<\/strong> sobre la base de c\u00e1lculo correspondiente a diciembre de 2023, que entrar\u00e1 en vigencia a partir del 1 de febrero de 2024.<\/p>\n\n\n\n<p><\/p>\n\n\n\n<p>\u201cDesde el Gobierno bonaerense vamos a acompa\u00f1ar al movimiento docente en su reclamo por los fondos nacionales, m\u00e1s all\u00e1 de los esfuerzos salariales que podamos hacer desde ac\u00e1\u201d, dijo por su parte el gobernador Kicillof.<\/p>\n\n\n\n<p><\/p>\n\n\n\n<p><em>Fuente: DIB<\/em><\/p>\n","protected":false},"excerpt":{"rendered":"<p>En las \u00faltimas horas se sumaron Suteba, FEB y Udocba. La decisi\u00f3n no afecta las clases, que comienzan el viernes<\/p>\n","protected":false},"author":6,"featured_media":109487,"comment_status":"closed","ping_status":"closed","sticky":false,"template":"","format":"standard","meta":{"_jetpack_memberships_contains_paid_content":false,"footnotes":""},"categories":[6,1],"tags":[],"class_list":["post-109486","post","type-post","status-publish","format-standard","has-post-thumbnail","hentry","category-nacionales","category-portada"],"jetpack_featured_media_url":"https:\/\/i0.wp.com\/cdnoticias.com\/wp-content\/uploads\/2024\/02\/paro-docente.jpg?fit=696%2C464&ssl=1","jetpack_sharing_enabled":true,"_links":{"self":[{"href":"https:\/\/cdnoticias.com\/index.php\/wp-json\/wp\/v2\/posts\/109486","targetHints":{"allow":["GET"]}}],"collection":[{"href":"https:\/\/cdnoticias.com\/index.php\/wp-json\/wp\/v2\/posts"}],"about":[{"href":"https:\/\/cdnoticias.com\/index.php\/wp-json\/wp\/v2\/types\/post"}],"author":[{"embeddable":true,"href":"https:\/\/cdnoticias.com\/index.php\/wp-json\/wp\/v2\/users\/6"}],"replies":[{"embeddable":true,"href":"https:\/\/cdnoticias.com\/index.php\/wp-json\/wp\/v2\/comments?post=109486"}],"version-history":[{"count":0,"href":"https:\/\/cdnoticias.com\/index.php\/wp-json\/wp\/v2\/posts\/109486\/revisions"}],"wp:featuredmedia":[{"embeddable":true,"href":"https:\/\/cdnoticias.com\/index.php\/wp-json\/wp\/v2\/media\/109487"}],"wp:attachment":[{"href":"https:\/\/cdnoticias.com\/index.php\/wp-json\/wp\/v2\/media?parent=109486"}],"wp:term":[{"taxonomy":"category","embeddable":true,"href":"https:\/\/cdnoticias.com\/index.php\/wp-json\/wp\/v2\/categories?post=109486"},{"taxonomy":"post_tag","embeddable":true,"href":"https:\/\/cdnoticias.com\/index.php\/wp-json\/wp\/v2\/tags?post=109486"}],"curies":[{"name":"wp","href":"https:\/\/api.w.org\/{rel}","templated":true}]}}