{"id":109476,"date":"2024-02-25T11:00:27","date_gmt":"2024-02-25T14:00:27","guid":{"rendered":"https:\/\/cdnoticias.com\/?p=109476"},"modified":"2024-02-25T11:00:30","modified_gmt":"2024-02-25T14:00:30","slug":"abrio-la-inscripcion-a-la-carrera-de-desarrollador-web-full-stack","status":"publish","type":"post","link":"https:\/\/cdnoticias.com\/index.php\/2024\/02\/25\/abrio-la-inscripcion-a-la-carrera-de-desarrollador-web-full-stack\/","title":{"rendered":"Abri\u00f3 la inscripci\u00f3n a la carrera de Desarrollador Web Full Stack"},"content":{"rendered":"\n<p>La cursada, que tendr\u00e1 una duraci\u00f3n de 2 a\u00f1os, ser\u00e1 con modalidad 100% virtual y se iniciar\u00e1 el pr\u00f3ximo 11 de marzo.<\/p>\n\n\n\n<hr class=\"wp-block-separator aligncenter has-alpha-channel-opacity\"\/>\n\n\n\n<p>Ya se encuentra abierta la <strong>inscripci\u00f3n para la cursada 2024 de la carrera de Desarrollador Web Full Stack<\/strong>, coordinada desde la Cepit, la C\u00e1mara de Empresas del Polo Inform\u00e1tico de Tandil, y que gracias al <a href=\"https:\/\/cdnoticias.com\/index.php\/2024\/02\/20\/wesner-firmo-un-convenio-con-la-cepit-para-ofrecer-la-carrera-de-desarrollador-web-full-stack\/\" target=\"_blank\" rel=\"noreferrer noopener\">convenio firmado d\u00edas atr\u00e1s por el intendente Maximiliano Wesner,<\/a> todas las personas interesadas y con domicilio en nuestro Partido podr\u00e1n anotarse sin costo alguno.<\/p>\n\n\n\n<p><\/p>\n\n\n\n<p>La carrera es una propuesta formativa pensada para la actual demanda laboral e industrias del conocimiento. El perfil de graduado permitir\u00e1 desempe\u00f1arse como programador o desarrollador de sistemas web dentro de equipos de trabajo.<\/p>\n\n\n\n<p><\/p>\n\n\n\n<p>La cursada, que tendr\u00e1 una <strong>duraci\u00f3n de 2 a\u00f1os, ser\u00e1 con modalidad 100% virtual y se iniciar\u00e1 el pr\u00f3ximo 11 de marzo,<\/strong> con un primer mes que ser\u00e1 de nivelaci\u00f3n, para ya luego poder avanzar con los contenidos propios de la carrera.<\/p>\n\n\n\n<p><\/p>\n\n\n\n<p>Las personas interesadas pueden anotarse a trav\u00e9s del <a href=\"https:\/\/docs.google.com\/forms\/d\/e\/1FAIpQLSc_YRUbYhF6IoSfuKo_N3fMq3zI3iA6adox0NVYAcZc8YEtLA\/viewform\" target=\"_blank\" rel=\"noreferrer noopener\">formulario online al que se accede haciendo click aqu\u00ed.<\/a> Las personas interesadas en sumarse tendr\u00e1n tiempo <strong>hasta el lunes 4 de marzo<\/strong>. Los requisitos son tener m\u00e1s de 18 a\u00f1os y secundario completo.<\/p>\n","protected":false},"excerpt":{"rendered":"<p>La cursada, que tendr\u00e1 una duraci\u00f3n de 2 a\u00f1os, ser\u00e1 con modalidad 100% virtual y se iniciar\u00e1 el pr\u00f3ximo 11<\/p>\n","protected":false},"author":6,"featured_media":109478,"comment_status":"closed","ping_status":"closed","sticky":false,"template":"","format":"standard","meta":{"_jetpack_memberships_contains_paid_content":false,"footnotes":""},"categories":[5,1],"tags":[],"class_list":["post-109476","post","type-post","status-publish","format-standard","has-post-thumbnail","hentry","category-informacion-general","category-portada"],"jetpack_featured_media_url":"https:\/\/i0.wp.com\/cdnoticias.com\/wp-content\/uploads\/2024\/02\/Diseno-sin-titulo-3.jpg?fit=1920%2C1080&ssl=1","jetpack_sharing_enabled":true,"_links":{"self":[{"href":"https:\/\/cdnoticias.com\/index.php\/wp-json\/wp\/v2\/posts\/109476","targetHints":{"allow":["GET"]}}],"collection":[{"href":"https:\/\/cdnoticias.com\/index.php\/wp-json\/wp\/v2\/posts"}],"about":[{"href":"https:\/\/cdnoticias.com\/index.php\/wp-json\/wp\/v2\/types\/post"}],"author":[{"embeddable":true,"href":"https:\/\/cdnoticias.com\/index.php\/wp-json\/wp\/v2\/users\/6"}],"replies":[{"embeddable":true,"href":"https:\/\/cdnoticias.com\/index.php\/wp-json\/wp\/v2\/comments?post=109476"}],"version-history":[{"count":0,"href":"https:\/\/cdnoticias.com\/index.php\/wp-json\/wp\/v2\/posts\/109476\/revisions"}],"wp:featuredmedia":[{"embeddable":true,"href":"https:\/\/cdnoticias.com\/index.php\/wp-json\/wp\/v2\/media\/109478"}],"wp:attachment":[{"href":"https:\/\/cdnoticias.com\/index.php\/wp-json\/wp\/v2\/media?parent=109476"}],"wp:term":[{"taxonomy":"category","embeddable":true,"href":"https:\/\/cdnoticias.com\/index.php\/wp-json\/wp\/v2\/categories?post=109476"},{"taxonomy":"post_tag","embeddable":true,"href":"https:\/\/cdnoticias.com\/index.php\/wp-json\/wp\/v2\/tags?post=109476"}],"curies":[{"name":"wp","href":"https:\/\/api.w.org\/{rel}","templated":true}]}}