{"id":109464,"date":"2024-02-24T08:00:00","date_gmt":"2024-02-24T11:00:00","guid":{"rendered":"https:\/\/cdnoticias.com\/?p=109464"},"modified":"2024-02-24T20:33:22","modified_gmt":"2024-02-24T23:33:22","slug":"con-gran-convocatoria-comenzo-mercados-bonaerenses","status":"publish","type":"post","link":"https:\/\/cdnoticias.com\/index.php\/2024\/02\/24\/con-gran-convocatoria-comenzo-mercados-bonaerenses\/","title":{"rendered":"Con gran convocatoria, comenz\u00f3 \u201cMercados Bonaerenses\u201d"},"content":{"rendered":"\n<p>Los puestos lograron buenas ventas en las primeras horas de este s\u00e1bado. La jornada continuar\u00e1 hasta las 15 horas en el Corsodromo.<\/p>\n\n\n\n<hr class=\"wp-block-separator aligncenter has-alpha-channel-opacity\"\/>\n\n\n\n<p>Este s\u00e1bado comenz\u00f3 la primera edici\u00f3n de <strong>\u201cMercados Bonaerenses<\/strong>\u201d donde se podr\u00e1n <strong>adquirir elaboraciones de productores locales<\/strong><em>,<\/em> quienes ofrecer\u00e1n panificados dulces y salados, bebidas, verduras, quesos, plantas y plantines, miel y productos sin TACC.<\/p>\n\n\n\n<p><\/p>\n\n\n\n<figure class=\"wp-block-image aligncenter size-full\"><img data-recalc-dims=\"1\" loading=\"lazy\" decoding=\"async\" width=\"800\" height=\"444\" src=\"https:\/\/i0.wp.com\/cdnoticias.com\/wp-content\/uploads\/2024\/02\/mercados-bonaerenses-1-edic.png?resize=800%2C444&#038;ssl=1\" alt=\"\" class=\"wp-image-109471\" srcset=\"https:\/\/i0.wp.com\/cdnoticias.com\/wp-content\/uploads\/2024\/02\/mercados-bonaerenses-1-edic.png?w=989&amp;ssl=1 989w, https:\/\/i0.wp.com\/cdnoticias.com\/wp-content\/uploads\/2024\/02\/mercados-bonaerenses-1-edic.png?resize=300%2C167&amp;ssl=1 300w, https:\/\/i0.wp.com\/cdnoticias.com\/wp-content\/uploads\/2024\/02\/mercados-bonaerenses-1-edic.png?resize=768%2C426&amp;ssl=1 768w, https:\/\/i0.wp.com\/cdnoticias.com\/wp-content\/uploads\/2024\/02\/mercados-bonaerenses-1-edic.png?resize=800%2C445&amp;ssl=1 800w\" sizes=\"auto, (max-width: 800px) 100vw, 800px\" \/><\/figure>\n\n\n\n<p><\/p>\n\n\n\n<p>La jornada continuar\u00e1 <strong>hasta las 15 horas en el Cors\u00f3dromo<\/strong> donde tambi\u00e9n se har\u00e1n presentes dos camiones destinados a la venta de l\u00e1cteos, pastas y pescados.<\/p>\n\n\n\n<p><\/p>\n\n\n\n<figure class=\"wp-block-image aligncenter size-full\"><img data-recalc-dims=\"1\" loading=\"lazy\" decoding=\"async\" width=\"800\" height=\"556\" src=\"https:\/\/i0.wp.com\/cdnoticias.com\/wp-content\/uploads\/2024\/02\/mercados-bonaerenses-primera-edicion-4.jpg?resize=800%2C556&#038;ssl=1\" alt=\"\" class=\"wp-image-109469\" srcset=\"https:\/\/i0.wp.com\/cdnoticias.com\/wp-content\/uploads\/2024\/02\/mercados-bonaerenses-primera-edicion-4.jpg?w=1000&amp;ssl=1 1000w, https:\/\/i0.wp.com\/cdnoticias.com\/wp-content\/uploads\/2024\/02\/mercados-bonaerenses-primera-edicion-4.jpg?resize=300%2C209&amp;ssl=1 300w, https:\/\/i0.wp.com\/cdnoticias.com\/wp-content\/uploads\/2024\/02\/mercados-bonaerenses-primera-edicion-4.jpg?resize=768%2C534&amp;ssl=1 768w, https:\/\/i0.wp.com\/cdnoticias.com\/wp-content\/uploads\/2024\/02\/mercados-bonaerenses-primera-edicion-4.jpg?resize=392%2C272&amp;ssl=1 392w, https:\/\/i0.wp.com\/cdnoticias.com\/wp-content\/uploads\/2024\/02\/mercados-bonaerenses-primera-edicion-4.jpg?resize=130%2C90&amp;ssl=1 130w\" sizes=\"auto, (max-width: 800px) 100vw, 800px\" \/><\/figure>\n\n\n\n<p><\/p>\n\n\n\n<p><em>Central de Noticias<\/em> dialog\u00f3 con autoridades municipales quienes expresaron que \u201c<strong><em>hay buenas ventas en todos los puestos, incluso hubo puestos que se quedaron sin nada\u201d.<\/em><\/strong><\/p>\n\n\n\n<p><\/p>\n\n\n\n<figure class=\"wp-block-image aligncenter size-full\"><img data-recalc-dims=\"1\" loading=\"lazy\" decoding=\"async\" width=\"800\" height=\"497\" src=\"https:\/\/i0.wp.com\/cdnoticias.com\/wp-content\/uploads\/2024\/02\/mercados-bonaerenses-primera-edicion-2.jpg?resize=800%2C497&#038;ssl=1\" alt=\"\" class=\"wp-image-109467\" srcset=\"https:\/\/i0.wp.com\/cdnoticias.com\/wp-content\/uploads\/2024\/02\/mercados-bonaerenses-primera-edicion-2.jpg?w=1000&amp;ssl=1 1000w, https:\/\/i0.wp.com\/cdnoticias.com\/wp-content\/uploads\/2024\/02\/mercados-bonaerenses-primera-edicion-2.jpg?resize=300%2C186&amp;ssl=1 300w, https:\/\/i0.wp.com\/cdnoticias.com\/wp-content\/uploads\/2024\/02\/mercados-bonaerenses-primera-edicion-2.jpg?resize=768%2C477&amp;ssl=1 768w\" sizes=\"auto, (max-width: 800px) 100vw, 800px\" \/><\/figure>\n\n\n\n<p><\/p>\n\n\n\n<p>Los puestos que tienen m\u00e1s movimientos son los de <strong>\u201cl\u00e1cteos, pescados y verduras<\/strong>\u201d e incluso la novedad es que varios de ellos cuentan con <strong>40% de descuento con Cuenta DNI.<\/strong><\/p>\n\n\n\n<p><\/p>\n\n\n\n<figure class=\"wp-block-image aligncenter size-full\"><img data-recalc-dims=\"1\" loading=\"lazy\" decoding=\"async\" width=\"800\" height=\"528\" src=\"https:\/\/i0.wp.com\/cdnoticias.com\/wp-content\/uploads\/2024\/02\/mercados-bonaerenses-primera-edicion-3.jpg?resize=800%2C528&#038;ssl=1\" alt=\"\" class=\"wp-image-109468\" srcset=\"https:\/\/i0.wp.com\/cdnoticias.com\/wp-content\/uploads\/2024\/02\/mercados-bonaerenses-primera-edicion-3.jpg?w=1000&amp;ssl=1 1000w, https:\/\/i0.wp.com\/cdnoticias.com\/wp-content\/uploads\/2024\/02\/mercados-bonaerenses-primera-edicion-3.jpg?resize=300%2C198&amp;ssl=1 300w, https:\/\/i0.wp.com\/cdnoticias.com\/wp-content\/uploads\/2024\/02\/mercados-bonaerenses-primera-edicion-3.jpg?resize=768%2C507&amp;ssl=1 768w\" sizes=\"auto, (max-width: 800px) 100vw, 800px\" \/><\/figure>\n\n\n\n<p><\/p>\n\n\n\n<p>El <strong>Programa \u201cMercados Bonaerenses\u201d<\/strong> tiene por objetivo fortalecer y asistir experiencias de producci\u00f3n, comercializaci\u00f3n y abastecimiento local de agroalimentos, que se desarrollen en el \u00e1mbito de la provincia de Buenos Aires; como as\u00ed tambi\u00e9n fomentar la producci\u00f3n y el consumo de \u201cAlimentos Bonaerenses\u201d a trav\u00e9s de la asistencia, formalizaci\u00f3n y capacitaci\u00f3n a productores, comercializadores y municipios, para crear, ampliar y fortalecer mercados y ferias de alimentos fijas o itinerantes.<\/p>\n\n\n\n<p><\/p>\n\n\n\n<figure class=\"wp-block-image aligncenter size-full\"><img data-recalc-dims=\"1\" loading=\"lazy\" decoding=\"async\" width=\"800\" height=\"500\" src=\"https:\/\/i0.wp.com\/cdnoticias.com\/wp-content\/uploads\/2024\/02\/mercados-bonaerenses-primera-edicion-1.jpg?resize=800%2C500&#038;ssl=1\" alt=\"\" class=\"wp-image-109465\" srcset=\"https:\/\/i0.wp.com\/cdnoticias.com\/wp-content\/uploads\/2024\/02\/mercados-bonaerenses-primera-edicion-1.jpg?w=1000&amp;ssl=1 1000w, https:\/\/i0.wp.com\/cdnoticias.com\/wp-content\/uploads\/2024\/02\/mercados-bonaerenses-primera-edicion-1.jpg?resize=300%2C188&amp;ssl=1 300w, https:\/\/i0.wp.com\/cdnoticias.com\/wp-content\/uploads\/2024\/02\/mercados-bonaerenses-primera-edicion-1.jpg?resize=768%2C480&amp;ssl=1 768w\" sizes=\"auto, (max-width: 800px) 100vw, 800px\" \/><\/figure>\n","protected":false},"excerpt":{"rendered":"<p>Los puestos lograron buenas ventas en las primeras horas de este s\u00e1bado. La jornada continuar\u00e1 hasta las 15 horas en<\/p>\n","protected":false},"author":6,"featured_media":109466,"comment_status":"closed","ping_status":"closed","sticky":false,"template":"","format":"standard","meta":{"_jetpack_memberships_contains_paid_content":false,"footnotes":""},"categories":[5],"tags":[],"class_list":["post-109464","post","type-post","status-publish","format-standard","has-post-thumbnail","hentry","category-informacion-general"],"jetpack_featured_media_url":"https:\/\/i0.wp.com\/cdnoticias.com\/wp-content\/uploads\/2024\/02\/mercados-bonaerenses-primera-edicion-1.png?fit=991%2C639&ssl=1","jetpack_sharing_enabled":true,"_links":{"self":[{"href":"https:\/\/cdnoticias.com\/index.php\/wp-json\/wp\/v2\/posts\/109464","targetHints":{"allow":["GET"]}}],"collection":[{"href":"https:\/\/cdnoticias.com\/index.php\/wp-json\/wp\/v2\/posts"}],"about":[{"href":"https:\/\/cdnoticias.com\/index.php\/wp-json\/wp\/v2\/types\/post"}],"author":[{"embeddable":true,"href":"https:\/\/cdnoticias.com\/index.php\/wp-json\/wp\/v2\/users\/6"}],"replies":[{"embeddable":true,"href":"https:\/\/cdnoticias.com\/index.php\/wp-json\/wp\/v2\/comments?post=109464"}],"version-history":[{"count":0,"href":"https:\/\/cdnoticias.com\/index.php\/wp-json\/wp\/v2\/posts\/109464\/revisions"}],"wp:featuredmedia":[{"embeddable":true,"href":"https:\/\/cdnoticias.com\/index.php\/wp-json\/wp\/v2\/media\/109466"}],"wp:attachment":[{"href":"https:\/\/cdnoticias.com\/index.php\/wp-json\/wp\/v2\/media?parent=109464"}],"wp:term":[{"taxonomy":"category","embeddable":true,"href":"https:\/\/cdnoticias.com\/index.php\/wp-json\/wp\/v2\/categories?post=109464"},{"taxonomy":"post_tag","embeddable":true,"href":"https:\/\/cdnoticias.com\/index.php\/wp-json\/wp\/v2\/tags?post=109464"}],"curies":[{"name":"wp","href":"https:\/\/api.w.org\/{rel}","templated":true}]}}