{"id":109402,"date":"2024-02-23T19:07:25","date_gmt":"2024-02-23T22:07:25","guid":{"rendered":"https:\/\/cdnoticias.com\/?p=109402"},"modified":"2024-02-23T19:07:27","modified_gmt":"2024-02-23T22:07:27","slug":"osvaldo-german-bayerque-q-e-p-d","status":"publish","type":"post","link":"https:\/\/cdnoticias.com\/index.php\/2024\/02\/23\/osvaldo-german-bayerque-q-e-p-d\/","title":{"rendered":"Osvaldo Germ\u00e1n Bayerque (Q.E.P.D.)"},"content":{"rendered":"\n<p>Falleci\u00f3 en Olavarr\u00eda el d\u00eda 23 de febrero de 2024 a los 49 a\u00f1os.<\/p>\n\n\n\n<p>Velatorio: Espa\u00f1a 2942 departamento &#8221; A&#8221;, comienza 9:30 horas. Responso: Capilla Ardiente. Inhumaci\u00f3n: Loma de Paz, s\u00e1bado 24 de febrero a las 11:30 horas.<\/p>\n\n\n\n<p>Barrio en el que viv\u00eda: Provincias Unidas.<\/p>\n\n\n\n<p>Lugar de nacimiento: Olavarr\u00eda.<\/p>\n\n\n\n<p>Actividad que desarrollaba: Pensionado.<\/p>\n","protected":false},"excerpt":{"rendered":"<p>Falleci\u00f3 en Olavarr\u00eda el d\u00eda 23 de febrero de 2024 a los 49 a\u00f1os. Velatorio: Espa\u00f1a 2942 departamento &#8221; A&#8221;,<\/p>\n","protected":false},"author":6,"featured_media":100390,"comment_status":"closed","ping_status":"closed","sticky":false,"template":"","format":"standard","meta":{"_jetpack_memberships_contains_paid_content":false,"footnotes":""},"categories":[10],"tags":[],"class_list":["post-109402","post","type-post","status-publish","format-standard","has-post-thumbnail","hentry","category-necrologicas"],"jetpack_featured_media_url":"https:\/\/i0.wp.com\/cdnoticias.com\/wp-content\/uploads\/2023\/10\/necrologicas-390-x-240.jpg?fit=390%2C240&ssl=1","jetpack_sharing_enabled":true,"_links":{"self":[{"href":"https:\/\/cdnoticias.com\/index.php\/wp-json\/wp\/v2\/posts\/109402","targetHints":{"allow":["GET"]}}],"collection":[{"href":"https:\/\/cdnoticias.com\/index.php\/wp-json\/wp\/v2\/posts"}],"about":[{"href":"https:\/\/cdnoticias.com\/index.php\/wp-json\/wp\/v2\/types\/post"}],"author":[{"embeddable":true,"href":"https:\/\/cdnoticias.com\/index.php\/wp-json\/wp\/v2\/users\/6"}],"replies":[{"embeddable":true,"href":"https:\/\/cdnoticias.com\/index.php\/wp-json\/wp\/v2\/comments?post=109402"}],"version-history":[{"count":0,"href":"https:\/\/cdnoticias.com\/index.php\/wp-json\/wp\/v2\/posts\/109402\/revisions"}],"wp:featuredmedia":[{"embeddable":true,"href":"https:\/\/cdnoticias.com\/index.php\/wp-json\/wp\/v2\/media\/100390"}],"wp:attachment":[{"href":"https:\/\/cdnoticias.com\/index.php\/wp-json\/wp\/v2\/media?parent=109402"}],"wp:term":[{"taxonomy":"category","embeddable":true,"href":"https:\/\/cdnoticias.com\/index.php\/wp-json\/wp\/v2\/categories?post=109402"},{"taxonomy":"post_tag","embeddable":true,"href":"https:\/\/cdnoticias.com\/index.php\/wp-json\/wp\/v2\/tags?post=109402"}],"curies":[{"name":"wp","href":"https:\/\/api.w.org\/{rel}","templated":true}]}}