{"id":109395,"date":"2024-02-24T09:11:25","date_gmt":"2024-02-24T12:11:25","guid":{"rendered":"https:\/\/cdnoticias.com\/?p=109395"},"modified":"2024-02-24T13:00:19","modified_gmt":"2024-02-24T16:00:19","slug":"el-municipio-adquirio-maquinaria-para-reforzar-y-equipar-el-area-de-mantenimiento-de-espacios-verdes","status":"publish","type":"post","link":"https:\/\/cdnoticias.com\/index.php\/2024\/02\/24\/el-municipio-adquirio-maquinaria-para-reforzar-y-equipar-el-area-de-mantenimiento-de-espacios-verdes\/","title":{"rendered":"El Municipio adquiri\u00f3 maquinaria para reforzar y equipar el \u00e1rea de mantenimiento de Espacios Verdes"},"content":{"rendered":"\n<p>La inversi\u00f3n fue cercana a los 20 millones de pesos. La maquinaria ser\u00e1 destinada al \u00e1rea de Parques y Paseos en la ciudad y en las localidades. \u00a0<\/p>\n\n\n\n<hr class=\"wp-block-separator aligncenter has-alpha-channel-opacity\"\/>\n\n\n\n<p>El Municipio de Olavarr\u00eda realiz\u00f3 una<strong> inversi\u00f3n cercana a los 20 millones de pesos <\/strong>para la <strong>adquisici\u00f3n de maquinaria que ser\u00e1 destinada al \u00e1rea de Parques y Paseos <\/strong>de la cartera de infraestructura local. <\/p>\n\n\n\n<p><\/p>\n\n\n\n<p>El objetivo es &#8220;poder desarrollar trabajos en los distintos espacios verdes de la ciudad y el Partido, mejorando la respuesta y calidad de los servicios brindados&#8221;. <\/p>\n\n\n\n<p><\/p>\n\n\n\n<p>Durante la entrega de la nueva maquinaria, los operarios recibieron la <strong>visita del intendente Maximiliano Wesner,<\/strong> quien se acerc\u00f3 para dialogar sobre las tareas en esta \u00e9poca de muy alta demanda.<\/p>\n\n\n\n<p><\/p>\n\n\n\n<p>En la oportunidad estuvo acompa\u00f1ado por el subsecretario de Obras, Infraestructura y Servicios P\u00fablicos, Carlos B\u00e9ttiga quien brind\u00f3 un detalle de lo adquirido: <strong>3 sopladores a explosi\u00f3n, 3 motosierras, 15 desmalezadoras y un desmalezadora 3 puntos que se acopla a tractores.<\/strong><\/p>\n\n\n\n<p><\/p>\n\n\n\n<figure class=\"wp-block-image aligncenter size-full\"><img data-recalc-dims=\"1\" loading=\"lazy\" decoding=\"async\" width=\"800\" height=\"532\" src=\"https:\/\/i0.wp.com\/cdnoticias.com\/wp-content\/uploads\/2024\/02\/Equipamiento-Espacios-Verdes-3.jpg?resize=800%2C532&#038;ssl=1\" alt=\"\" class=\"wp-image-109397\" srcset=\"https:\/\/i0.wp.com\/cdnoticias.com\/wp-content\/uploads\/2024\/02\/Equipamiento-Espacios-Verdes-3.jpg?w=1000&amp;ssl=1 1000w, https:\/\/i0.wp.com\/cdnoticias.com\/wp-content\/uploads\/2024\/02\/Equipamiento-Espacios-Verdes-3.jpg?resize=300%2C200&amp;ssl=1 300w, https:\/\/i0.wp.com\/cdnoticias.com\/wp-content\/uploads\/2024\/02\/Equipamiento-Espacios-Verdes-3.jpg?resize=768%2C511&amp;ssl=1 768w, https:\/\/i0.wp.com\/cdnoticias.com\/wp-content\/uploads\/2024\/02\/Equipamiento-Espacios-Verdes-3.jpg?resize=272%2C182&amp;ssl=1 272w\" sizes=\"auto, (max-width: 800px) 100vw, 800px\" \/><\/figure>\n\n\n\n<p><\/p>\n\n\n\n<p>Tambi\u00e9n se incorporaron <strong>kits de repuestos para el mantenimiento \u00f3ptimo de los equipos<\/strong>, como buj\u00edas, filtros de aire, prefiltros, carreteles de tanza, aceite 2t entre otros.<\/p>\n\n\n\n<p><\/p>\n\n\n\n<p>Wesner se\u00f1al\u00f3 adem\u00e1s que el equipamiento &#8220;<strong><em>no s\u00f3lo se constituye en el reemplazo de maquinaria en mal estado, sino que con la adquisici\u00f3n de repuestos se va a lograr el mantenimiento adecuado, lo que permitir\u00e1 un ahorro significativo&#8221;<\/em><\/strong>.<\/p>\n\n\n\n<p><\/p>\n\n\n\n<p>Por \u00faltimo, se detall\u00f3 que estas m\u00e1quinas <strong>prestar\u00e1n servicios tanto en el casco urbano como en las localidades de Sierra Chica, Hinojo, Loma Negra y Sierras Bayas.<\/strong><\/p>\n\n\n\n<p><\/p>\n\n\n\n<figure class=\"wp-block-image aligncenter size-full is-resized\"><img data-recalc-dims=\"1\" loading=\"lazy\" decoding=\"async\" width=\"800\" height=\"532\" src=\"https:\/\/i0.wp.com\/cdnoticias.com\/wp-content\/uploads\/2024\/02\/Equipamiento-Espacios-Verdes-1.jpg?resize=800%2C532&#038;ssl=1\" alt=\"\" class=\"wp-image-109398\" style=\"width:1140px;height:auto\" srcset=\"https:\/\/i0.wp.com\/cdnoticias.com\/wp-content\/uploads\/2024\/02\/Equipamiento-Espacios-Verdes-1.jpg?w=1000&amp;ssl=1 1000w, https:\/\/i0.wp.com\/cdnoticias.com\/wp-content\/uploads\/2024\/02\/Equipamiento-Espacios-Verdes-1.jpg?resize=300%2C200&amp;ssl=1 300w, https:\/\/i0.wp.com\/cdnoticias.com\/wp-content\/uploads\/2024\/02\/Equipamiento-Espacios-Verdes-1.jpg?resize=768%2C511&amp;ssl=1 768w, https:\/\/i0.wp.com\/cdnoticias.com\/wp-content\/uploads\/2024\/02\/Equipamiento-Espacios-Verdes-1.jpg?resize=272%2C182&amp;ssl=1 272w\" sizes=\"auto, (max-width: 800px) 100vw, 800px\" \/><\/figure>\n","protected":false},"excerpt":{"rendered":"<p>La inversi\u00f3n fue cercana a los 20 millones de pesos. La maquinaria ser\u00e1 destinada al \u00e1rea de Parques y Paseos<\/p>\n","protected":false},"author":6,"featured_media":109396,"comment_status":"closed","ping_status":"closed","sticky":false,"template":"","format":"standard","meta":{"_jetpack_memberships_contains_paid_content":false,"footnotes":""},"categories":[5,1],"tags":[],"class_list":["post-109395","post","type-post","status-publish","format-standard","has-post-thumbnail","hentry","category-informacion-general","category-portada"],"jetpack_featured_media_url":"https:\/\/i0.wp.com\/cdnoticias.com\/wp-content\/uploads\/2024\/02\/Equipamiento-Espacios-Verdes-2.jpg?fit=1000%2C665&ssl=1","jetpack_sharing_enabled":true,"_links":{"self":[{"href":"https:\/\/cdnoticias.com\/index.php\/wp-json\/wp\/v2\/posts\/109395","targetHints":{"allow":["GET"]}}],"collection":[{"href":"https:\/\/cdnoticias.com\/index.php\/wp-json\/wp\/v2\/posts"}],"about":[{"href":"https:\/\/cdnoticias.com\/index.php\/wp-json\/wp\/v2\/types\/post"}],"author":[{"embeddable":true,"href":"https:\/\/cdnoticias.com\/index.php\/wp-json\/wp\/v2\/users\/6"}],"replies":[{"embeddable":true,"href":"https:\/\/cdnoticias.com\/index.php\/wp-json\/wp\/v2\/comments?post=109395"}],"version-history":[{"count":0,"href":"https:\/\/cdnoticias.com\/index.php\/wp-json\/wp\/v2\/posts\/109395\/revisions"}],"wp:featuredmedia":[{"embeddable":true,"href":"https:\/\/cdnoticias.com\/index.php\/wp-json\/wp\/v2\/media\/109396"}],"wp:attachment":[{"href":"https:\/\/cdnoticias.com\/index.php\/wp-json\/wp\/v2\/media?parent=109395"}],"wp:term":[{"taxonomy":"category","embeddable":true,"href":"https:\/\/cdnoticias.com\/index.php\/wp-json\/wp\/v2\/categories?post=109395"},{"taxonomy":"post_tag","embeddable":true,"href":"https:\/\/cdnoticias.com\/index.php\/wp-json\/wp\/v2\/tags?post=109395"}],"curies":[{"name":"wp","href":"https:\/\/api.w.org\/{rel}","templated":true}]}}