{"id":109380,"date":"2024-02-23T18:05:03","date_gmt":"2024-02-23T21:05:03","guid":{"rendered":"https:\/\/cdnoticias.com\/?p=109380"},"modified":"2024-02-23T18:07:43","modified_gmt":"2024-02-23T21:07:43","slug":"el-gobierno-anuncio-el-cierre-del-inadi-y-eliminara-otros-organismos-que-no-sirven-para-nada","status":"publish","type":"post","link":"https:\/\/cdnoticias.com\/index.php\/2024\/02\/23\/el-gobierno-anuncio-el-cierre-del-inadi-y-eliminara-otros-organismos-que-no-sirven-para-nada\/","title":{"rendered":"El Gobierno anunci\u00f3 el cierre del Inadi y eliminar\u00e1 otros organismos \u201cque no sirven para nada\u201d"},"content":{"rendered":"\n<p>Lo anunci\u00f3 Manuel Adorni, el vocero presidencial en el marco de su habitual rueda de prensa. Adem\u00e1s, advirti\u00f3 que es el &#8220;primero de diferentes organismos que ser\u00e1n eliminados&#8221;.<\/p>\n\n\n\n<hr class=\"wp-block-separator aligncenter has-alpha-channel-opacity\"\/>\n\n\n\n<p>El <strong>Gobierno nacional anunci\u00f3 este jueves el cierre definitivo del Instituto Nacional contra la Discriminaci\u00f3n, la Xenofobia y el Racismo (INADI)<\/strong>, y advirti\u00f3 que es el primero de diferentes organismos que ser\u00e1n eliminados.<\/p>\n\n\n\n<p><\/p>\n\n\n\n<p>\u201c<strong><em>No sirven para absolutamente nada\u201d,<\/em><\/strong> dijo el vocero presidencial, Manuel Adorni y agreg\u00f3: \u201c<strong><em>Uno de los ideales del presidente Milei es la reducci\u00f3n del Estado y la eliminaci\u00f3n de todo lo que no genere un beneficio para los argentinos\u201d<\/em><\/strong>, en el marco de su habitual rueda de prensa.<\/p>\n\n\n\n<p><\/p>\n\n\n\n<p>Adem\u00e1s, Adorni adelant\u00f3 que \u201c<strong>hay un sinf\u00edn de institutos que el presidente Milei est\u00e1 decidido a cerrar o a desmantelar, no desde ahora, sino desde siempre\u201d.<\/strong><\/p>\n\n\n\n<p><\/p>\n\n\n\n<p>Asimismo, reiter\u00f3: \u201cDijimos que nuestra prioridad era que el Estado deb\u00eda achicarse, porque achicar el gasto p\u00fablico para nosotros es una batalla central, porque es la \u00fanica herramienta para bajar impuestos. Los tr\u00e1mites no son tan sencillos como uno tuviera ganas o como la gente espera. Lamentablemente, la burocracia pone ciertos l\u00edmites a las decisiones que uno pretende llevar adelante\u201d.<\/p>\n\n\n\n<p><\/p>\n\n\n\n<p>El organismo tiene actualmente 400 empleados con oficinas en todo el pa\u00eds y fue <strong>creado para combatir la discriminaci\u00f3n.<\/strong> Cabe se\u00f1alar que el Gobierno hab\u00eda oficializado la extensi\u00f3n de la intervenci\u00f3n del organismo por 180 d\u00edas y hab\u00eda designado como interventora a Mar\u00eda de los \u00c1ngeles Quiroga.<\/p>\n\n\n\n<p><\/p>\n\n\n\n<p>El vocero presidencial cuestion\u00f3 adem\u00e1s los \u201ctiempos burocr\u00e1ticos\u201d que demorar\u00e1n el cierre del instituto. \u201c<strong><em>Nos encantar\u00eda que el Inadi estuviese cerrado hoy, pero no se puede\u201d,<\/em><\/strong> sostuvo.<\/p>\n\n\n\n<p><\/p>\n\n\n\n<p class=\"has-medium-font-size\"><strong>La historia del INADI<\/strong><\/p>\n\n\n\n<p>El Instituto <strong>se cre\u00f3 en 1995 tras la sanci\u00f3n de la Ley 24.515 y comenz\u00f3 a funcionar en 1997<\/strong>. Actualmente se encuentra bajo la \u00f3rbita del Ministerio de Justicia.<\/p>\n\n\n\n<p><\/p>\n\n\n\n<p>Su antecedente fue la Ley 23.592, del 4 de agosto de 1988, sancionada durante la presidencia de <strong>Ra\u00fal Alfons\u00edn, <\/strong>conocida tambi\u00e9n como <strong>Ley Antidiscriminatoria.<\/strong><\/p>\n\n\n\n<p><\/p>\n\n\n\n<blockquote class=\"wp-block-quote is-layout-flow wp-block-quote-is-layout-flow\">\n<p>El INADI tiene las facultades para recibir denuncias, investigar, realizar campa\u00f1as y apoyar a las v\u00edctimas, en cuestiones relacionadas con toda forma de discriminaci\u00f3n.<\/p>\n<\/blockquote>\n\n\n\n<p><\/p>\n\n\n\n<p>A su vez, el INADI lleva adelante programas que apuntaban a la visibilizaci\u00f3n y reivindicaci\u00f3n de los derechos de los grupos hist\u00f3ricamente marginados de Argentina y contaba con delegaciones en todas las provincias. Las <strong>denuncias de actos discriminatorios se recib\u00edan en una l\u00ednea gratuita<\/strong> habilitada para todos los habitantes del pa\u00eds: la 168.<\/p>\n\n\n\n<p><em>Fuente: DIB<\/em><\/p>\n","protected":false},"excerpt":{"rendered":"<p>Lo anunci\u00f3 Manuel Adorni, el vocero presidencial en el marco de su habitual rueda de prensa. Adem\u00e1s, advirti\u00f3 que es<\/p>\n","protected":false},"author":6,"featured_media":109383,"comment_status":"closed","ping_status":"closed","sticky":false,"template":"","format":"standard","meta":{"_jetpack_memberships_contains_paid_content":false,"footnotes":""},"categories":[6,1],"tags":[],"class_list":["post-109380","post","type-post","status-publish","format-standard","has-post-thumbnail","hentry","category-nacionales","category-portada"],"jetpack_featured_media_url":"https:\/\/i0.wp.com\/cdnoticias.com\/wp-content\/uploads\/2024\/02\/INADI-IMAG.jpg?fit=1000%2C500&ssl=1","jetpack_sharing_enabled":true,"_links":{"self":[{"href":"https:\/\/cdnoticias.com\/index.php\/wp-json\/wp\/v2\/posts\/109380","targetHints":{"allow":["GET"]}}],"collection":[{"href":"https:\/\/cdnoticias.com\/index.php\/wp-json\/wp\/v2\/posts"}],"about":[{"href":"https:\/\/cdnoticias.com\/index.php\/wp-json\/wp\/v2\/types\/post"}],"author":[{"embeddable":true,"href":"https:\/\/cdnoticias.com\/index.php\/wp-json\/wp\/v2\/users\/6"}],"replies":[{"embeddable":true,"href":"https:\/\/cdnoticias.com\/index.php\/wp-json\/wp\/v2\/comments?post=109380"}],"version-history":[{"count":0,"href":"https:\/\/cdnoticias.com\/index.php\/wp-json\/wp\/v2\/posts\/109380\/revisions"}],"wp:featuredmedia":[{"embeddable":true,"href":"https:\/\/cdnoticias.com\/index.php\/wp-json\/wp\/v2\/media\/109383"}],"wp:attachment":[{"href":"https:\/\/cdnoticias.com\/index.php\/wp-json\/wp\/v2\/media?parent=109380"}],"wp:term":[{"taxonomy":"category","embeddable":true,"href":"https:\/\/cdnoticias.com\/index.php\/wp-json\/wp\/v2\/categories?post=109380"},{"taxonomy":"post_tag","embeddable":true,"href":"https:\/\/cdnoticias.com\/index.php\/wp-json\/wp\/v2\/tags?post=109380"}],"curies":[{"name":"wp","href":"https:\/\/api.w.org\/{rel}","templated":true}]}}