{"id":109372,"date":"2024-02-24T10:00:10","date_gmt":"2024-02-24T13:00:10","guid":{"rendered":"https:\/\/cdnoticias.com\/?p=109372"},"modified":"2024-02-24T10:00:13","modified_gmt":"2024-02-24T13:00:13","slug":"reunion-entre-la-comision-de-genero-y-la-subcomision-de-damas-de-bomberos-olavarria","status":"publish","type":"post","link":"https:\/\/cdnoticias.com\/index.php\/2024\/02\/24\/reunion-entre-la-comision-de-genero-y-la-subcomision-de-damas-de-bomberos-olavarria\/","title":{"rendered":"Reuni\u00f3n entre la Comisi\u00f3n de G\u00e9nero y la Subcomisi\u00f3n de Damas de Bomberos Olavarr\u00eda"},"content":{"rendered":"\n<p>Se reunieron por primera vez en las instalaciones del Cuartel Central para conocer cu\u00e1les son los proyectos en los que trabaja la Subcomisi\u00f3n de cara al 2024.<\/p>\n\n\n\n<hr class=\"wp-block-separator aligncenter has-alpha-channel-opacity\"\/>\n\n\n\n<p>Integrantes de la<strong> Comisi\u00f3n de G\u00e9nero del Concejo Deliberante<\/strong> mantuvieron una reuni\u00f3n junto a la<strong> Subcomisi\u00f3n de Damas de Bomberos Olavarr\u00eda.<\/strong><\/p>\n\n\n\n<p><\/p>\n\n\n\n<p>Durante este encuentro la Subcomisi\u00f3n tuvo la oportunidad de y contar ante la Comisi\u00f3n los <strong>diferentes proyectos en los que se viene trabajando, <\/strong>tanto con instituciones como el trabajo con el Hospital de Oncolog\u00eda, el \u00e1rea de Neonatolog\u00eda del Hospital Municipal, el Hogar San Vicente De Paul, la Escuela N\u00b0 58 a cual la asociaci\u00f3n apadrina, como tambi\u00e9n hacia el interior del cuartel.<\/p>\n\n\n\n<p><\/p>\n\n\n\n<p>Adem\u00e1s, desde la Subcomisi\u00f3n dieron a conocer los <strong>objetivos para este 2024.<\/strong> De la reuni\u00f3n participaron las concejalas Hosanna Cazola, Miriam Musescu, Patricia Pereira, Guillermina Amespil, la representante de la Subcomisi\u00f3n Marisa J\u00e1uregui, integrantes de la subcomisi\u00f3n y el grupo Manos a la Obra, y el presidente del Consejo Directivo Hugo Fayan\u00e1s.<\/p>\n","protected":false},"excerpt":{"rendered":"<p>Se reunieron por primera vez en las instalaciones del Cuartel Central para conocer cu\u00e1les son los proyectos en los que<\/p>\n","protected":false},"author":6,"featured_media":109373,"comment_status":"closed","ping_status":"closed","sticky":false,"template":"","format":"standard","meta":{"_jetpack_memberships_contains_paid_content":false,"footnotes":""},"categories":[5,1],"tags":[],"class_list":["post-109372","post","type-post","status-publish","format-standard","has-post-thumbnail","hentry","category-informacion-general","category-portada"],"jetpack_featured_media_url":"https:\/\/i0.wp.com\/cdnoticias.com\/wp-content\/uploads\/2024\/02\/bomberos-genero.png?fit=997%2C577&ssl=1","jetpack_sharing_enabled":true,"_links":{"self":[{"href":"https:\/\/cdnoticias.com\/index.php\/wp-json\/wp\/v2\/posts\/109372","targetHints":{"allow":["GET"]}}],"collection":[{"href":"https:\/\/cdnoticias.com\/index.php\/wp-json\/wp\/v2\/posts"}],"about":[{"href":"https:\/\/cdnoticias.com\/index.php\/wp-json\/wp\/v2\/types\/post"}],"author":[{"embeddable":true,"href":"https:\/\/cdnoticias.com\/index.php\/wp-json\/wp\/v2\/users\/6"}],"replies":[{"embeddable":true,"href":"https:\/\/cdnoticias.com\/index.php\/wp-json\/wp\/v2\/comments?post=109372"}],"version-history":[{"count":0,"href":"https:\/\/cdnoticias.com\/index.php\/wp-json\/wp\/v2\/posts\/109372\/revisions"}],"wp:featuredmedia":[{"embeddable":true,"href":"https:\/\/cdnoticias.com\/index.php\/wp-json\/wp\/v2\/media\/109373"}],"wp:attachment":[{"href":"https:\/\/cdnoticias.com\/index.php\/wp-json\/wp\/v2\/media?parent=109372"}],"wp:term":[{"taxonomy":"category","embeddable":true,"href":"https:\/\/cdnoticias.com\/index.php\/wp-json\/wp\/v2\/categories?post=109372"},{"taxonomy":"post_tag","embeddable":true,"href":"https:\/\/cdnoticias.com\/index.php\/wp-json\/wp\/v2\/tags?post=109372"}],"curies":[{"name":"wp","href":"https:\/\/api.w.org\/{rel}","templated":true}]}}