{"id":109368,"date":"2024-02-23T18:30:03","date_gmt":"2024-02-23T21:30:03","guid":{"rendered":"https:\/\/cdnoticias.com\/?p=109368"},"modified":"2024-02-23T18:30:06","modified_gmt":"2024-02-23T21:30:06","slug":"wesner-recibio-al-rector-de-la-unicen-marcelo-aba","status":"publish","type":"post","link":"https:\/\/cdnoticias.com\/index.php\/2024\/02\/23\/wesner-recibio-al-rector-de-la-unicen-marcelo-aba\/","title":{"rendered":"Wesner recibi\u00f3 al rector de la UNICEN Marcelo Aba"},"content":{"rendered":"\n<p>Dialogaron acerca de diversos temas vinculados a las Unidades Acad\u00e9micas que funcionan en Olavarr\u00eda y que dependen de UNICEN. Incertidumbre en materia de recursos y proyecciones que alcanzan a las universidades.<\/p>\n\n\n\n<hr class=\"wp-block-separator aligncenter has-alpha-channel-opacity\"\/>\n\n\n\n<p>Este jueves <strong>el intendente Maximiliano Wesner, recibi\u00f3 <\/strong>en la sala de reuniones del Palacio Municipal al<strong> rector de la Universidad Nacional del Centro de la Provincia de Buenos Aires (UNICEN), Marcelo Aba,<\/strong> quien arrib\u00f3 acompa\u00f1ado por integrantes de su equipo de trabajo.<\/p>\n\n\n\n<p><\/p>\n\n\n\n<p>En el encuentro el jefe comunal estuvo acompa\u00f1ado por el secretario de Obras P\u00fablicas, Infraestructura y Servicio P\u00fablicos del Municipio, <strong>Orfel Fari\u00f1a<\/strong>.<\/p>\n\n\n\n<p><\/p>\n\n\n\n<p>Desde el rectorado de Unicen, que tiene su sede en la ciudad de Tandil, tambi\u00e9n fueron parte de la actividad la vicerrectora Alicia Spinello, el secretario de Relaciones Institucionales Luis Ventos y el secretario de Bienestar Fernando Pi\u00f1ero.<\/p>\n\n\n\n<p><\/p>\n\n\n\n<blockquote class=\"wp-block-quote is-layout-flow wp-block-quote-is-layout-flow\">\n<p>En la ocasi\u00f3n dialogaron acerca de diversos temas vinculados a las Unidades Acad\u00e9micas que funcionan en Olavarr\u00eda y que dependen de UNICEN, con especial \u00e9nfasis en la situaci\u00f3n particular que est\u00e1 atravesando la Facultad de Ciencias de la Salud, cuya obra de remodelaci\u00f3n y ampliaci\u00f3n se ha visto paralizada a partir de la medida adoptada desde el Gobierno Nacional de frenar la obra p\u00fablica.<\/p>\n<\/blockquote>\n\n\n\n<p><\/p>\n\n\n\n<figure class=\"wp-block-image aligncenter size-full\"><img data-recalc-dims=\"1\" loading=\"lazy\" decoding=\"async\" width=\"800\" height=\"478\" src=\"https:\/\/i0.wp.com\/cdnoticias.com\/wp-content\/uploads\/2024\/02\/wesner-aba-feb-2024-2.jpg?resize=800%2C478&#038;ssl=1\" alt=\"\" class=\"wp-image-109370\" srcset=\"https:\/\/i0.wp.com\/cdnoticias.com\/wp-content\/uploads\/2024\/02\/wesner-aba-feb-2024-2.jpg?w=1000&amp;ssl=1 1000w, https:\/\/i0.wp.com\/cdnoticias.com\/wp-content\/uploads\/2024\/02\/wesner-aba-feb-2024-2.jpg?resize=300%2C179&amp;ssl=1 300w, https:\/\/i0.wp.com\/cdnoticias.com\/wp-content\/uploads\/2024\/02\/wesner-aba-feb-2024-2.jpg?resize=768%2C458&amp;ssl=1 768w\" sizes=\"auto, (max-width: 800px) 100vw, 800px\" \/><\/figure>\n\n\n\n<p>Vale destacar, a la par, que la <strong>incertidumbre en materia de recursos y proyecciones tambi\u00e9n alcanza a las Facultades de Ciencias Sociales e Ingenier\u00eda<\/strong> de nuestra ciudad.<\/p>\n\n\n\n<p><\/p>\n\n\n\n<p>Por \u00faltimo, dialogaron acerca de desplegar trabajos en conjunto que luego se puedan traducir en el desarrollo de pol\u00edticas p\u00fablicas en pos de la comunidad y de toda la regi\u00f3n.<\/p>\n","protected":false},"excerpt":{"rendered":"<p>Dialogaron acerca de diversos temas vinculados a las Unidades Acad\u00e9micas que funcionan en Olavarr\u00eda y que dependen de UNICEN. Incertidumbre<\/p>\n","protected":false},"author":6,"featured_media":109369,"comment_status":"closed","ping_status":"closed","sticky":false,"template":"","format":"standard","meta":{"_jetpack_memberships_contains_paid_content":false,"footnotes":""},"categories":[5,1],"tags":[],"class_list":["post-109368","post","type-post","status-publish","format-standard","has-post-thumbnail","hentry","category-informacion-general","category-portada"],"jetpack_featured_media_url":"https:\/\/i0.wp.com\/cdnoticias.com\/wp-content\/uploads\/2024\/02\/wesner-aba-feb-2024.jpg?fit=1000%2C666&ssl=1","jetpack_sharing_enabled":true,"_links":{"self":[{"href":"https:\/\/cdnoticias.com\/index.php\/wp-json\/wp\/v2\/posts\/109368","targetHints":{"allow":["GET"]}}],"collection":[{"href":"https:\/\/cdnoticias.com\/index.php\/wp-json\/wp\/v2\/posts"}],"about":[{"href":"https:\/\/cdnoticias.com\/index.php\/wp-json\/wp\/v2\/types\/post"}],"author":[{"embeddable":true,"href":"https:\/\/cdnoticias.com\/index.php\/wp-json\/wp\/v2\/users\/6"}],"replies":[{"embeddable":true,"href":"https:\/\/cdnoticias.com\/index.php\/wp-json\/wp\/v2\/comments?post=109368"}],"version-history":[{"count":0,"href":"https:\/\/cdnoticias.com\/index.php\/wp-json\/wp\/v2\/posts\/109368\/revisions"}],"wp:featuredmedia":[{"embeddable":true,"href":"https:\/\/cdnoticias.com\/index.php\/wp-json\/wp\/v2\/media\/109369"}],"wp:attachment":[{"href":"https:\/\/cdnoticias.com\/index.php\/wp-json\/wp\/v2\/media?parent=109368"}],"wp:term":[{"taxonomy":"category","embeddable":true,"href":"https:\/\/cdnoticias.com\/index.php\/wp-json\/wp\/v2\/categories?post=109368"},{"taxonomy":"post_tag","embeddable":true,"href":"https:\/\/cdnoticias.com\/index.php\/wp-json\/wp\/v2\/tags?post=109368"}],"curies":[{"name":"wp","href":"https:\/\/api.w.org\/{rel}","templated":true}]}}