{"id":10934,"date":"2021-01-08T13:46:56","date_gmt":"2021-01-08T16:46:56","guid":{"rendered":"http:\/\/www.centraldenoticias.com.ar\/?p=10934"},"modified":"2021-01-08T18:19:36","modified_gmt":"2021-01-08T21:19:36","slug":"vacunacion-contra-covid-viernes-y-domingo-a-demanda-para-personal-de-salud","status":"publish","type":"post","link":"https:\/\/cdnoticias.com\/index.php\/2021\/01\/08\/vacunacion-contra-covid-viernes-y-domingo-a-demanda-para-personal-de-salud\/","title":{"rendered":"Vacunaci\u00f3n contra Covid: viernes y domingo \u201ca demanda\u201d para personal de salud"},"content":{"rendered":"<p>El personal de salud que a\u00fan no tiene turno, puede presentarse igualmente para vacunarse.<!--more--><\/p>\n<hr \/>\n<p>Este viernes <a href=\"https:\/\/cdnoticias.com\/index.php\/2021\/01\/08\/llegaron-nuevas-dosis-contra-el-covid-19-a-olavarria-se-aplicaran-desde-la-tarde\/\">la nueva partida<\/a> de <strong>las vacunas contra el Covid se aplicar\u00e1n \u201ca demanda\u201d<\/strong> se anunci\u00f3 desde la Regi\u00f3n Sanitaria IX al dar a conocer el env\u00edo de la segunda partida.<\/p>\n<p>\u00bfQui\u00e9nes pueden vacunarse? <strong>A partir de las 14 horas de este viernes se podr\u00e1 presentar en la sede de Oncolog\u00eda todo aquel personal de salud que desee aplicarse la vacuna a\u00fan sin tener turno<\/strong>.<\/p>\n<blockquote><p>El director de la Regi\u00f3n IX, Ramiro Borzi aclar\u00f3 que se mantienen los requisitos: deben haberse registrado en el<a href=\"https:\/\/vacunatepba.gba.gob.ar\/\" target=\"_blank\" rel=\"noopener\"> sitio web oficial<\/a> y tener menos de 60 a\u00f1os.<\/p><\/blockquote>\n<p><strong>S\u00e1bado y domingo la vacunaci\u00f3n continuar\u00e1 en el horario de 8 a 18<\/strong> <strong>para todo el personal de salud que tenga turno asignado<\/strong> y en el rango<strong> de 8 a 15 podr\u00e1n acercarse los que quieran vacunarse de manera espont\u00e1nea, sin turno previo<\/strong>, siempre respetando que se trate de personal de salud de menos de 60 a\u00f1os.<\/p>\n","protected":false},"excerpt":{"rendered":"<p>El personal de salud que a\u00fan no tiene turno, puede presentarse igualmente para vacunarse.<\/p>\n","protected":false},"author":4,"featured_media":10426,"comment_status":"closed","ping_status":"closed","sticky":false,"template":"","format":"standard","meta":{"_jetpack_memberships_contains_paid_content":false,"footnotes":""},"categories":[5,1],"tags":[],"class_list":["post-10934","post","type-post","status-publish","format-standard","has-post-thumbnail","hentry","category-informacion-general","category-portada"],"jetpack_featured_media_url":"https:\/\/i0.wp.com\/cdnoticias.com\/wp-content\/uploads\/2021\/01\/vacuna-covid-8.jpeg?fit=1232%2C816&ssl=1","jetpack_sharing_enabled":true,"_links":{"self":[{"href":"https:\/\/cdnoticias.com\/index.php\/wp-json\/wp\/v2\/posts\/10934","targetHints":{"allow":["GET"]}}],"collection":[{"href":"https:\/\/cdnoticias.com\/index.php\/wp-json\/wp\/v2\/posts"}],"about":[{"href":"https:\/\/cdnoticias.com\/index.php\/wp-json\/wp\/v2\/types\/post"}],"author":[{"embeddable":true,"href":"https:\/\/cdnoticias.com\/index.php\/wp-json\/wp\/v2\/users\/4"}],"replies":[{"embeddable":true,"href":"https:\/\/cdnoticias.com\/index.php\/wp-json\/wp\/v2\/comments?post=10934"}],"version-history":[{"count":0,"href":"https:\/\/cdnoticias.com\/index.php\/wp-json\/wp\/v2\/posts\/10934\/revisions"}],"wp:featuredmedia":[{"embeddable":true,"href":"https:\/\/cdnoticias.com\/index.php\/wp-json\/wp\/v2\/media\/10426"}],"wp:attachment":[{"href":"https:\/\/cdnoticias.com\/index.php\/wp-json\/wp\/v2\/media?parent=10934"}],"wp:term":[{"taxonomy":"category","embeddable":true,"href":"https:\/\/cdnoticias.com\/index.php\/wp-json\/wp\/v2\/categories?post=10934"},{"taxonomy":"post_tag","embeddable":true,"href":"https:\/\/cdnoticias.com\/index.php\/wp-json\/wp\/v2\/tags?post=10934"}],"curies":[{"name":"wp","href":"https:\/\/api.w.org\/{rel}","templated":true}]}}