{"id":109315,"date":"2024-02-23T09:17:02","date_gmt":"2024-02-23T12:17:02","guid":{"rendered":"https:\/\/cdnoticias.com\/?p=109315"},"modified":"2024-02-23T12:11:56","modified_gmt":"2024-02-23T15:11:56","slug":"fedecoba-alerto-sobre-la-realidad-asfixiante-de-sus-cooperativas-electricas-asociadas","status":"publish","type":"post","link":"https:\/\/cdnoticias.com\/index.php\/2024\/02\/23\/fedecoba-alerto-sobre-la-realidad-asfixiante-de-sus-cooperativas-electricas-asociadas\/","title":{"rendered":"FEDECOBA alert\u00f3 sobre la \u201crealidad asfixiante\u201d de sus cooperativas el\u00e9ctricas asociadas"},"content":{"rendered":"<p>Adelant\u00f3 \u201cla imposibilidad material de cumplir con las obligaciones para la prestaci\u00f3n del servicio p\u00fablico\u201d. Centr\u00f3 el reclamo a la Provincia en \u201clos insuficientes ingresos del componente conocido como Valor Agregado de Distribuci\u00f3n (VAD)\u201d.<\/p>\n<p><!--more--><\/p>\n<hr \/>\n<p>La <strong>Federaci\u00f3n de Cooperativas de Electricidad y Servicios P\u00fablicos de la Provincia de Buenos Aires (FEDECOBA)<\/strong> emiti\u00f3 un comunicado para exponer la <strong>\u201crealidad asfixiante\u201d que atraviesan las cooperativas el\u00e9ctricas asociadas<\/strong>, de las cuales una de ellas es <strong>Coopelectric<\/strong>.<\/p>\n<p>&nbsp;<\/p>\n<p>En ese sentido, alertaron sobre<strong> \u201cla imposibilidad material de cumplir con las obligaciones para la prestaci\u00f3n del servicio p\u00fablico\u201d<\/strong> y centraron el reclamo a las autoridades provinciales en<strong> \u201clos insuficientes ingresos del componente conocido como Valor Agregado de Distribuci\u00f3n (VAD)\u201d<\/strong>.<\/p>\n<p>&nbsp;<\/p>\n<p>Se destac\u00f3 que \u201cen un <strong>contexto de alto nivel inflacionario<\/strong> -254,2% anualizado de acuerdo a la \u00faltima medici\u00f3n del INDEC- desde la Federaci\u00f3n de Cooperativas de Electricidad y Servicios P\u00fablicos de la Provincia de Buenos Aires (FEDECOBA), entidad que integra a <em>143 cooperativas (entre ellas 128 prestadoras de electricidad)<\/em>, alertamos sobre la<strong> imposibilidad material de cumplir con las obligaciones para la prestaci\u00f3n del servicio p\u00fablico de distribuci\u00f3n de energ\u00eda el\u00e9ctrica por parte de nuestras asociadas<\/strong> que tambi\u00e9n resultan <strong>v\u00edctimas de esta realidad asfixiante<\/strong>\u201d.<\/p>\n<p>&nbsp;<\/p>\n<blockquote><p>\u201cEn el caso de las distribuidoras el\u00e9ctricas en general y de nuestras asociadas en lo que a la federaci\u00f3n respecta, la gravedad de la situaci\u00f3n econ\u00f3mica y financiera est\u00e1 dada por los insuficientes ingresos del componente conocido como Valor Agregado de Distribuci\u00f3n (VAD), cuyo destino es afrontar los costos de construir, operar y mantener la infraestructura de la red el\u00e9ctrica (el \u00faltimo incremento percibido data de abril de 2023)\u201d se se\u00f1al\u00f3.<\/p><\/blockquote>\n<p>&nbsp;<\/p>\n<p>FEDECOBA sostuvo que<strong> \u201cel panorama es apremiante\u201d<\/strong> para muchas cooperativa que ya <strong>no pueden \u201ccubrir la totalidad de sus principales costos operativos, tanto sea la adquisici\u00f3n de energ\u00eda, la compra de los insumos necesarios para prestar el servicio o el propio pago de los salarios a sus trabajadores\u201d<\/strong>. Se advirti\u00f3 adem\u00e1s el <strong>\u201cgrave conflicto econ\u00f3mico y social\u201d<\/strong> que se derivar\u00e1 de ello.<\/p>\n<p>&nbsp;<\/p>\n<p><strong>\u201cEsta situaci\u00f3n ya ha sido expuesta a las autoridades provinciales<\/strong> tanto en forma personal en las distintas mesas de trabajo conjunto y mediante notas junto a las dem\u00e1s federaciones integradas en la Mesa Interfederativa\u201d aclar\u00f3 en el cierre del comunicado la Federaci\u00f3n.<\/p>\n<p>&nbsp;<\/p>\n","protected":false},"excerpt":{"rendered":"<p>Adelant\u00f3 \u201cla imposibilidad material de cumplir con las obligaciones para la prestaci\u00f3n del servicio p\u00fablico\u201d. Centr\u00f3 el reclamo a la<\/p>\n","protected":false},"author":4,"featured_media":9212,"comment_status":"closed","ping_status":"closed","sticky":false,"template":"","format":"standard","meta":{"_jetpack_memberships_contains_paid_content":false,"footnotes":""},"categories":[6,1],"tags":[],"class_list":["post-109315","post","type-post","status-publish","format-standard","has-post-thumbnail","hentry","category-nacionales","category-portada"],"jetpack_featured_media_url":"https:\/\/i0.wp.com\/cdnoticias.com\/wp-content\/uploads\/2020\/12\/electricidad-luz-tarifas-DIB.jpg?fit=696%2C392&ssl=1","jetpack_sharing_enabled":true,"_links":{"self":[{"href":"https:\/\/cdnoticias.com\/index.php\/wp-json\/wp\/v2\/posts\/109315","targetHints":{"allow":["GET"]}}],"collection":[{"href":"https:\/\/cdnoticias.com\/index.php\/wp-json\/wp\/v2\/posts"}],"about":[{"href":"https:\/\/cdnoticias.com\/index.php\/wp-json\/wp\/v2\/types\/post"}],"author":[{"embeddable":true,"href":"https:\/\/cdnoticias.com\/index.php\/wp-json\/wp\/v2\/users\/4"}],"replies":[{"embeddable":true,"href":"https:\/\/cdnoticias.com\/index.php\/wp-json\/wp\/v2\/comments?post=109315"}],"version-history":[{"count":0,"href":"https:\/\/cdnoticias.com\/index.php\/wp-json\/wp\/v2\/posts\/109315\/revisions"}],"wp:featuredmedia":[{"embeddable":true,"href":"https:\/\/cdnoticias.com\/index.php\/wp-json\/wp\/v2\/media\/9212"}],"wp:attachment":[{"href":"https:\/\/cdnoticias.com\/index.php\/wp-json\/wp\/v2\/media?parent=109315"}],"wp:term":[{"taxonomy":"category","embeddable":true,"href":"https:\/\/cdnoticias.com\/index.php\/wp-json\/wp\/v2\/categories?post=109315"},{"taxonomy":"post_tag","embeddable":true,"href":"https:\/\/cdnoticias.com\/index.php\/wp-json\/wp\/v2\/tags?post=109315"}],"curies":[{"name":"wp","href":"https:\/\/api.w.org\/{rel}","templated":true}]}}