{"id":109313,"date":"2024-02-23T08:38:50","date_gmt":"2024-02-23T11:38:50","guid":{"rendered":"https:\/\/cdnoticias.com\/?p=109313"},"modified":"2024-02-23T08:38:53","modified_gmt":"2024-02-23T11:38:53","slug":"volvio-la-luz-a-los-barrios-afectados-durante-la-noche-del-jueves","status":"publish","type":"post","link":"https:\/\/cdnoticias.com\/index.php\/2024\/02\/23\/volvio-la-luz-a-los-barrios-afectados-durante-la-noche-del-jueves\/","title":{"rendered":"Volvi\u00f3 la luz a los barrios afectados durante la noche del jueves"},"content":{"rendered":"<p>Coopelectric inform\u00f3 de la restituci\u00f3n del servicio durante las primeras horas de la ma\u00f1ana de este viernes. Hab\u00edan sido afectados m\u00e1s de media docena de sectores.<!--more--><\/p>\n<hr \/>\n<p>Durante la noche del jueves, Coopelectric advirti\u00f3 que producto de las condiciones meteorol\u00f3gicas <a href=\"https:\/\/cdnoticias.com\/index.php\/2024\/02\/22\/por-la-tormenta-mas-de-media-docena-de-sectores-de-olavarria-se-quedaron-sin-luz\/\" target=\"_blank\" rel=\"noopener\">fueron afectados distintos sectores de Olavarr\u00eda.<\/a><\/p>\n<p>De esta forma, quedaron sin luz las zonas de <strong>Autopista Fortabat, Palo de Colores y los barrios Aoma, Villa Mail\u00edn, Evita, Luj\u00e1n y Villa Aurora<\/strong>. Tambi\u00e9n se afectaron los pozos de agua.<\/p>\n<p>En la ma\u00f1ana de este viernes, Coopelectric inform\u00f3 que el servicio de energ\u00eda el\u00e9ctrica fue restituido.<\/p>\n<blockquote class=\"wp-embedded-content\" data-secret=\"HDVXIARiu6\"><p><a href=\"https:\/\/cdnoticias.com\/index.php\/2024\/02\/22\/por-la-tormenta-mas-de-media-docena-de-sectores-de-olavarria-se-quedaron-sin-luz\/\">Por la tormenta, m\u00e1s de media docena de sectores de Olavarr\u00eda se quedaron sin luz<\/a><\/p><\/blockquote>\n<p><iframe loading=\"lazy\" class=\"wp-embedded-content\" sandbox=\"allow-scripts\" security=\"restricted\" style=\"position: absolute; clip: rect(1px, 1px, 1px, 1px);\" title=\"&#8220;Por la tormenta, m\u00e1s de media docena de sectores de Olavarr\u00eda se quedaron sin luz&#8221; &#8212; Central de Noticias | Olavarr\u00eda\" src=\"https:\/\/cdnoticias.com\/index.php\/2024\/02\/22\/por-la-tormenta-mas-de-media-docena-de-sectores-de-olavarria-se-quedaron-sin-luz\/embed\/#?secret=ncUadlBT7w#?secret=HDVXIARiu6\" data-secret=\"HDVXIARiu6\" width=\"600\" height=\"338\" frameborder=\"0\" marginwidth=\"0\" marginheight=\"0\" scrolling=\"no\"><\/iframe><\/p>\n","protected":false},"excerpt":{"rendered":"<p>Coopelectric inform\u00f3 de la restituci\u00f3n del servicio durante las primeras horas de la ma\u00f1ana de este viernes. Hab\u00edan sido afectados<\/p>\n","protected":false},"author":2,"featured_media":41403,"comment_status":"closed","ping_status":"closed","sticky":false,"template":"","format":"standard","meta":{"_jetpack_memberships_contains_paid_content":false,"footnotes":""},"categories":[5,1],"tags":[],"class_list":["post-109313","post","type-post","status-publish","format-standard","has-post-thumbnail","hentry","category-informacion-general","category-portada"],"jetpack_featured_media_url":"https:\/\/i0.wp.com\/cdnoticias.com\/wp-content\/uploads\/2021\/12\/coopelectric-camion.jpg?fit=1600%2C890&ssl=1","jetpack_sharing_enabled":true,"_links":{"self":[{"href":"https:\/\/cdnoticias.com\/index.php\/wp-json\/wp\/v2\/posts\/109313","targetHints":{"allow":["GET"]}}],"collection":[{"href":"https:\/\/cdnoticias.com\/index.php\/wp-json\/wp\/v2\/posts"}],"about":[{"href":"https:\/\/cdnoticias.com\/index.php\/wp-json\/wp\/v2\/types\/post"}],"author":[{"embeddable":true,"href":"https:\/\/cdnoticias.com\/index.php\/wp-json\/wp\/v2\/users\/2"}],"replies":[{"embeddable":true,"href":"https:\/\/cdnoticias.com\/index.php\/wp-json\/wp\/v2\/comments?post=109313"}],"version-history":[{"count":0,"href":"https:\/\/cdnoticias.com\/index.php\/wp-json\/wp\/v2\/posts\/109313\/revisions"}],"wp:featuredmedia":[{"embeddable":true,"href":"https:\/\/cdnoticias.com\/index.php\/wp-json\/wp\/v2\/media\/41403"}],"wp:attachment":[{"href":"https:\/\/cdnoticias.com\/index.php\/wp-json\/wp\/v2\/media?parent=109313"}],"wp:term":[{"taxonomy":"category","embeddable":true,"href":"https:\/\/cdnoticias.com\/index.php\/wp-json\/wp\/v2\/categories?post=109313"},{"taxonomy":"post_tag","embeddable":true,"href":"https:\/\/cdnoticias.com\/index.php\/wp-json\/wp\/v2\/tags?post=109313"}],"curies":[{"name":"wp","href":"https:\/\/api.w.org\/{rel}","templated":true}]}}