{"id":109308,"date":"2024-02-23T08:19:35","date_gmt":"2024-02-23T11:19:35","guid":{"rendered":"https:\/\/cdnoticias.com\/?p=109308"},"modified":"2024-02-23T08:19:39","modified_gmt":"2024-02-23T11:19:39","slug":"juan-carlos-plaza-q-e-p-d","status":"publish","type":"post","link":"https:\/\/cdnoticias.com\/index.php\/2024\/02\/23\/juan-carlos-plaza-q-e-p-d\/","title":{"rendered":"Juan Carlos Plaza (Q.E.P.D.)"},"content":{"rendered":"<p>Falleci\u00f3 en Olavarr\u00eda el 22 de febrero de 2024 a los 85 a\u00f1os de edad. Su esposa Matilde Naboulet; sus hijos: Mar\u00eda Laura y Raquel Andrea Plaza; sus nietos: Santiago Soria y Camila Capaul; Horacio Soria; Juan Pablo, Facundo Varela y dem\u00e1s deudos participan su fallecimiento.<\/p>\n<p>Sus restos no ser\u00e1n velados y ser\u00e1n cremados en Crematorio Pinos de Paz, en d\u00eda y horario a confirmar, sin responso. Servicio adherido a Coopelectric. Vecino de Microcentro. Nacido en Mendoza. M\u00e9dico gastroenter\u00f3logo jubilado. <\/p>\n","protected":false},"excerpt":{"rendered":"<p>Falleci\u00f3 en Olavarr\u00eda el 22 de febrero de 2024 a los 85 a\u00f1os de edad. Su esposa Matilde Naboulet; sus<\/p>\n","protected":false},"author":2,"featured_media":100390,"comment_status":"closed","ping_status":"closed","sticky":false,"template":"","format":"standard","meta":{"_jetpack_memberships_contains_paid_content":false,"footnotes":""},"categories":[10],"tags":[],"class_list":["post-109308","post","type-post","status-publish","format-standard","has-post-thumbnail","hentry","category-necrologicas"],"jetpack_featured_media_url":"https:\/\/i0.wp.com\/cdnoticias.com\/wp-content\/uploads\/2023\/10\/necrologicas-390-x-240.jpg?fit=390%2C240&ssl=1","jetpack_sharing_enabled":true,"_links":{"self":[{"href":"https:\/\/cdnoticias.com\/index.php\/wp-json\/wp\/v2\/posts\/109308","targetHints":{"allow":["GET"]}}],"collection":[{"href":"https:\/\/cdnoticias.com\/index.php\/wp-json\/wp\/v2\/posts"}],"about":[{"href":"https:\/\/cdnoticias.com\/index.php\/wp-json\/wp\/v2\/types\/post"}],"author":[{"embeddable":true,"href":"https:\/\/cdnoticias.com\/index.php\/wp-json\/wp\/v2\/users\/2"}],"replies":[{"embeddable":true,"href":"https:\/\/cdnoticias.com\/index.php\/wp-json\/wp\/v2\/comments?post=109308"}],"version-history":[{"count":0,"href":"https:\/\/cdnoticias.com\/index.php\/wp-json\/wp\/v2\/posts\/109308\/revisions"}],"wp:featuredmedia":[{"embeddable":true,"href":"https:\/\/cdnoticias.com\/index.php\/wp-json\/wp\/v2\/media\/100390"}],"wp:attachment":[{"href":"https:\/\/cdnoticias.com\/index.php\/wp-json\/wp\/v2\/media?parent=109308"}],"wp:term":[{"taxonomy":"category","embeddable":true,"href":"https:\/\/cdnoticias.com\/index.php\/wp-json\/wp\/v2\/categories?post=109308"},{"taxonomy":"post_tag","embeddable":true,"href":"https:\/\/cdnoticias.com\/index.php\/wp-json\/wp\/v2\/tags?post=109308"}],"curies":[{"name":"wp","href":"https:\/\/api.w.org\/{rel}","templated":true}]}}