{"id":109302,"date":"2024-02-22T20:05:56","date_gmt":"2024-02-22T23:05:56","guid":{"rendered":"https:\/\/cdnoticias.com\/?p=109302"},"modified":"2024-02-23T09:17:24","modified_gmt":"2024-02-23T12:17:24","slug":"confirmaron-una-pena-para-un-olavarriense-por-homicidio-culposo-en-azul","status":"publish","type":"post","link":"https:\/\/cdnoticias.com\/index.php\/2024\/02\/22\/confirmaron-una-pena-para-un-olavarriense-por-homicidio-culposo-en-azul\/","title":{"rendered":"Confirmaron una pena para un olavarriense por \u201chomicidio culposo\u201d en Azul"},"content":{"rendered":"\n<p>Fue en segunda instancia, por un hecho registrado en 2021 y que tuvo un fallecido. Fue condenado a tres a\u00f1os de prisi\u00f3n en suspenso y la inhabilitaci\u00f3n &#8220;especial&#8221; por el plazo de siete a\u00f1os para conducir veh\u00edculos automotores.<\/p>\n\n\n\n<hr class=\"wp-block-separator aligncenter has-alpha-channel-opacity\"\/>\n\n\n\n<p>En las \u00faltimas horas<strong>, los jueces que integran la C\u00e1mara Penal confirmaron el fallo en segunda instancia contra un olavarriense como responsable de generar un siniestro vial en enero de 2021, con un fallecido d\u00edas despu\u00e9s de producido el choque.<\/strong><\/p>\n\n\n\n<p>Cabe recordar que se juzgaron los hechos sucedidos el 3 de enero de 2021, cuando<strong> el olavarriense guiaba un auto que, a exceso de velocidad y sin tener derecho de paso, en De Paula y Abeberry impact\u00f3 contra la moto que conduc\u00eda la v\u00edctima fatal: un azule\u00f1o que d\u00edas despu\u00e9s muri\u00f3, mientras estaba internado en el Hospital Pintos de la vecina ciudad.<\/strong><\/p>\n\n\n\n<p>Con lo dispuesto en esta segunda instancia, las penas dictadas al hombre que guiaba un auto que hab\u00eda chocado con la moto que manejaba la v\u00edctima fatal quedaron ratificadas: <strong>tres a\u00f1os de prisi\u00f3n en suspenso y la inhabilitaci\u00f3n &#8220;especial&#8221; por el plazo de siete a\u00f1os para conducir veh\u00edculos automotores.<\/strong><\/p>\n\n\n\n<p>El joven fue identificado como<strong> Braian Demis Fern\u00e1ndez, de 31 a\u00f1os <\/strong>para quien fue confirmado el fallo con veredicto condenatorio que, tras la realizaci\u00f3n de un debate en el Juzgado Correccional 1 a cargo del magistrado An\u00edbal Norberto \u00c1lvarez, se tradujera el pasado 10 de noviembre en las imposiciones de las mencionadas sanciones. Las mismas que ahora, de manera un\u00e1nime, fueron confirmadas desde la C\u00e1mara que actualmente preside el juez Dami\u00e1n Cini e integran tambi\u00e9n Carlos Pagliere (h) y Agust\u00edn Echevarr\u00eda.<\/p>\n\n\n\n<p>En el juicio desarrollado hace tres meses, <strong>Fern\u00e1ndez hab\u00eda sido declarado autor de un homicidio culposo agravado por la conducci\u00f3n imprudente de un veh\u00edculo automotor por lo que fuera aquel hecho que protagonizara en Azul, sucedido en horas de la tarde del 3 de enero de 2021 en cercan\u00edas del Balneario Municipal.<\/strong><\/p>\n\n\n\n<p>Tom\u00e1s Exequiel Arias -quien falleci\u00f3 el 11 de enero de aquel mismo a\u00f1o, mientras permanec\u00eda internado- se hab\u00eda convertido en la v\u00edctima de este siniestro vial, cuya condena para el conductor del autom\u00f3vil ahora qued\u00f3 confirmada en todos sus t\u00e9rminos a trav\u00e9s de una resoluci\u00f3n de la Alzada departamental que data del viernes de la semana anterior, seg\u00fan lo referido a Diario EL TIEMPO de Azul por fuentes judiciales.<\/p>\n\n\n\n<p>Junto con esa pena de ejecuci\u00f3n condicional que el olavarriense recibiera,<strong> el Juez que intervino en el debate le hab\u00eda impuesto, a modo de pautas de conducta y por el t\u00e9rmino de dos a\u00f1os, las obligaciones de &#8220;constituir domicilio y someterse al control del Patronato de Liberados&#8221;, se se\u00f1alaba en el fallo que hace cinco d\u00edas fue ratificado.<\/strong><\/p>\n\n\n\n<p><em>Fuente y foto: Diario El Tiempo de Azul<\/em><\/p>\n","protected":false},"excerpt":{"rendered":"<p>Fue en segunda instancia, por un hecho registrado en 2021 y que tuvo un fallecido. Fue condenado a tres a\u00f1os<\/p>\n","protected":false},"author":2,"featured_media":109303,"comment_status":"closed","ping_status":"closed","sticky":false,"template":"","format":"standard","meta":{"_jetpack_memberships_contains_paid_content":false,"footnotes":""},"categories":[14,1],"tags":[],"class_list":["post-109302","post","type-post","status-publish","format-standard","has-post-thumbnail","hentry","category-policiales","category-portada"],"jetpack_featured_media_url":"https:\/\/i0.wp.com\/cdnoticias.com\/wp-content\/uploads\/2024\/02\/1708604297.jpeg?fit=948%2C533&ssl=1","jetpack_sharing_enabled":true,"_links":{"self":[{"href":"https:\/\/cdnoticias.com\/index.php\/wp-json\/wp\/v2\/posts\/109302","targetHints":{"allow":["GET"]}}],"collection":[{"href":"https:\/\/cdnoticias.com\/index.php\/wp-json\/wp\/v2\/posts"}],"about":[{"href":"https:\/\/cdnoticias.com\/index.php\/wp-json\/wp\/v2\/types\/post"}],"author":[{"embeddable":true,"href":"https:\/\/cdnoticias.com\/index.php\/wp-json\/wp\/v2\/users\/2"}],"replies":[{"embeddable":true,"href":"https:\/\/cdnoticias.com\/index.php\/wp-json\/wp\/v2\/comments?post=109302"}],"version-history":[{"count":0,"href":"https:\/\/cdnoticias.com\/index.php\/wp-json\/wp\/v2\/posts\/109302\/revisions"}],"wp:featuredmedia":[{"embeddable":true,"href":"https:\/\/cdnoticias.com\/index.php\/wp-json\/wp\/v2\/media\/109303"}],"wp:attachment":[{"href":"https:\/\/cdnoticias.com\/index.php\/wp-json\/wp\/v2\/media?parent=109302"}],"wp:term":[{"taxonomy":"category","embeddable":true,"href":"https:\/\/cdnoticias.com\/index.php\/wp-json\/wp\/v2\/categories?post=109302"},{"taxonomy":"post_tag","embeddable":true,"href":"https:\/\/cdnoticias.com\/index.php\/wp-json\/wp\/v2\/tags?post=109302"}],"curies":[{"name":"wp","href":"https:\/\/api.w.org\/{rel}","templated":true}]}}