{"id":109287,"date":"2024-02-22T19:16:50","date_gmt":"2024-02-22T22:16:50","guid":{"rendered":"https:\/\/cdnoticias.com\/?p=109287"},"modified":"2024-02-22T19:17:31","modified_gmt":"2024-02-22T22:17:31","slug":"barrio-educadores-levantemos-los-brazos-y-digamos-sueno-cumplido","status":"publish","type":"post","link":"https:\/\/cdnoticias.com\/index.php\/2024\/02\/22\/barrio-educadores-levantemos-los-brazos-y-digamos-sueno-cumplido\/","title":{"rendered":"Barrio Educadores: \u201cLevantemos los brazos y digamos \u00a1Sue\u00f1o cumplido!\u201d"},"content":{"rendered":"\n<p>La presidenta de la Asociaci\u00f3n Civil de Barrio Educadores de Olavarr\u00eda, Mar\u00eda Luj\u00e1n Taborda, dio unas emotivas palabras tras la entrega de las \u00faltimas viviendas del barrio. Agradeci\u00f3 a las autoridades y a Alicia Tabar\u00e9s de Gonz\u00e1lez Hueso, impulsora del proyecto.<\/p>\n\n\n\n<hr class=\"wp-block-separator aligncenter has-alpha-channel-opacity\"\/>\n\n\n\n<p>Luego de la <strong>emotiva entrega de las \u00faltimas viviendas del barrio Educadores<\/strong> y la finalizaci\u00f3n de las 146 casas,<strong> la presidenta de la Asociaci\u00f3n Civil de Barrio Educadores de Olavarr\u00eda, Mar\u00eda Luj\u00e1n Taborda, escribi\u00f3 unas palabras de agradecimiento a todos los hacedores del hist\u00f3rico trabajo que llev\u00f3 m\u00e1s de dos d\u00e9cadas en finalizarse.<\/strong><\/p>\n\n\n\n<p>Indic\u00f3 que por cuestiones de salud no pudo participar y el vicepresidente de la Asociaci\u00f3n, por protocolo de la organizaci\u00f3n, no pudo expresarlas. Es por ella que decidieron hacerlas p\u00fablicas por los medios.<\/p>\n\n\n\n<figure class=\"wp-block-image size-large\"><img data-recalc-dims=\"1\" loading=\"lazy\" decoding=\"async\" width=\"800\" height=\"445\" src=\"https:\/\/i0.wp.com\/cdnoticias.com\/wp-content\/uploads\/2023\/02\/maria-lujan-taborda-barrio-educadores-1024x570.jpg?resize=800%2C445&#038;ssl=1\" alt=\"\" class=\"wp-image-77191\" srcset=\"https:\/\/i0.wp.com\/cdnoticias.com\/wp-content\/uploads\/2023\/02\/maria-lujan-taborda-barrio-educadores-scaled.jpg?resize=1024%2C570&amp;ssl=1 1024w, https:\/\/i0.wp.com\/cdnoticias.com\/wp-content\/uploads\/2023\/02\/maria-lujan-taborda-barrio-educadores-scaled.jpg?resize=300%2C167&amp;ssl=1 300w, https:\/\/i0.wp.com\/cdnoticias.com\/wp-content\/uploads\/2023\/02\/maria-lujan-taborda-barrio-educadores-scaled.jpg?resize=768%2C427&amp;ssl=1 768w, https:\/\/i0.wp.com\/cdnoticias.com\/wp-content\/uploads\/2023\/02\/maria-lujan-taborda-barrio-educadores-scaled.jpg?resize=1536%2C855&amp;ssl=1 1536w, https:\/\/i0.wp.com\/cdnoticias.com\/wp-content\/uploads\/2023\/02\/maria-lujan-taborda-barrio-educadores-scaled.jpg?resize=2048%2C1140&amp;ssl=1 2048w, https:\/\/i0.wp.com\/cdnoticias.com\/wp-content\/uploads\/2023\/02\/maria-lujan-taborda-barrio-educadores-scaled.jpg?resize=800%2C445&amp;ssl=1 800w, https:\/\/i0.wp.com\/cdnoticias.com\/wp-content\/uploads\/2023\/02\/maria-lujan-taborda-barrio-educadores-scaled.jpg?w=1600&amp;ssl=1 1600w, https:\/\/i0.wp.com\/cdnoticias.com\/wp-content\/uploads\/2023\/02\/maria-lujan-taborda-barrio-educadores-scaled.jpg?w=2400&amp;ssl=1 2400w\" sizes=\"auto, (max-width: 800px) 100vw, 800px\" \/><\/figure>\n\n\n\n<p><strong><em>\u201cNuestro compromiso viene del a\u00f1o 2001 y a partir del 2009 comenz\u00f3 la construcci\u00f3n del barrio, las primeras con una empresa y hasta la fecha, la comisi\u00f3n con los arquitectos\u201d<\/em><\/strong> indic\u00f3.<\/p>\n\n\n\n<p>Se\u00f1alo que<em><strong> \u201cpor m\u00e1s de 20 a\u00f1os espere este momento\u201d <\/strong><\/em>y que en la actualidad s\u00f3lo tiene<em><strong> \u201cpalabras de agradecimiento a los se\u00f1ores gobernadores, intendentes, concejales y administradores del IVBA, que estuvieron durante la construcci\u00f3n del barrio\u201d.<\/strong><\/em><\/p>\n\n\n\n<blockquote class=\"wp-block-quote is-layout-flow wp-block-quote-is-layout-flow\">\n<p>Hizo un particular agradecimiento por la finalizaci\u00f3n del barrio al gobernador Axel Kicillof, al intendente Maximiliano Wesner y al administrador Diego Men\u00e9ndez.<\/p>\n<\/blockquote>\n\n\n\n<p>Adem\u00e1s, <em><strong>\u201clas 146 familias le vamos a estar agradecidas de por vida, a la Sra. Alicia Tabar\u00e9s de Gonz\u00e1lez Hueso que all\u00e1, por el a\u00f1o 2000, proyect\u00f3 junto al recordado arquitecto Jos\u00e9 Luis Alonso, un barrio para docentes\u201d. <\/strong><\/em>Tambi\u00e9n le agradeci\u00f3 a su hijo, Jos\u00e9 Gervasio Gonz\u00e1lez Hueso <em>\u201cque durante su funci\u00f3n en el IVBA hizo mucho por nuestro barrio, \u00e9l quer\u00eda ver realizado el sue\u00f1o de su madre\u201d.<\/em><\/p>\n\n\n\n<figure class=\"wp-block-image size-large\"><img data-recalc-dims=\"1\" loading=\"lazy\" decoding=\"async\" width=\"800\" height=\"445\" src=\"https:\/\/i0.wp.com\/cdnoticias.com\/wp-content\/uploads\/2024\/02\/barrio-educa2-1024x570.jpg?resize=800%2C445&#038;ssl=1\" alt=\"\" class=\"wp-image-109289\" srcset=\"https:\/\/i0.wp.com\/cdnoticias.com\/wp-content\/uploads\/2024\/02\/barrio-educa2.jpg?resize=1024%2C570&amp;ssl=1 1024w, https:\/\/i0.wp.com\/cdnoticias.com\/wp-content\/uploads\/2024\/02\/barrio-educa2.jpg?resize=300%2C167&amp;ssl=1 300w, https:\/\/i0.wp.com\/cdnoticias.com\/wp-content\/uploads\/2024\/02\/barrio-educa2.jpg?resize=768%2C427&amp;ssl=1 768w, https:\/\/i0.wp.com\/cdnoticias.com\/wp-content\/uploads\/2024\/02\/barrio-educa2.jpg?resize=1536%2C854&amp;ssl=1 1536w, https:\/\/i0.wp.com\/cdnoticias.com\/wp-content\/uploads\/2024\/02\/barrio-educa2.jpg?resize=2048%2C1139&amp;ssl=1 2048w, https:\/\/i0.wp.com\/cdnoticias.com\/wp-content\/uploads\/2024\/02\/barrio-educa2.jpg?resize=800%2C445&amp;ssl=1 800w, https:\/\/i0.wp.com\/cdnoticias.com\/wp-content\/uploads\/2024\/02\/barrio-educa2.jpg?w=1600&amp;ssl=1 1600w\" sizes=\"auto, (max-width: 800px) 100vw, 800px\" \/><\/figure>\n\n\n\n<p>Tambi\u00e9n realiz\u00f3 un particular agradecimiento a los integrantes que formaron parte de la Comisi\u00f3n Directiva desde el a\u00f1o 2001 presididos por Ana Arenzo, Elba Villaruel, Marta Frascaroli, Cecilia Zampato y Mar\u00eda Safenreider.<\/p>\n\n\n\n<blockquote class=\"wp-block-quote is-layout-flow wp-block-quote-is-layout-flow\">\n<p>\u201cNos pusieron cientos de piedras en el camino, pero seguimos adelante y triunfamos\u201d.<\/p>\n<\/blockquote>\n\n\n\n<p>Taborda tambi\u00e9n agradeci\u00f3<em><strong> \u201ca los arquitectos N\u00e9stor Martorano y Rub\u00e9n Placenti por su excelente trabajo en la construcci\u00f3n de las viviendas y suma responsabilidad y compromiso. Alguien en el cielo tambi\u00e9n est\u00e1 feliz, gracias mi amor, por acompa\u00f1arme durante todos estos a\u00f1os, en mi lucha por el barrio\u201d.<\/strong><\/em><\/p>\n\n\n\n<figure class=\"wp-block-image size-full\"><img data-recalc-dims=\"1\" loading=\"lazy\" decoding=\"async\" width=\"800\" height=\"445\" src=\"https:\/\/i0.wp.com\/cdnoticias.com\/wp-content\/uploads\/2022\/10\/barrio-educadores-nestor-martorano-ruben-placenti.jpg?resize=800%2C445&#038;ssl=1\" alt=\"\" class=\"wp-image-66575\" srcset=\"https:\/\/i0.wp.com\/cdnoticias.com\/wp-content\/uploads\/2022\/10\/barrio-educadores-nestor-martorano-ruben-placenti.jpg?w=800&amp;ssl=1 800w, https:\/\/i0.wp.com\/cdnoticias.com\/wp-content\/uploads\/2022\/10\/barrio-educadores-nestor-martorano-ruben-placenti.jpg?resize=300%2C167&amp;ssl=1 300w, https:\/\/i0.wp.com\/cdnoticias.com\/wp-content\/uploads\/2022\/10\/barrio-educadores-nestor-martorano-ruben-placenti.jpg?resize=768%2C427&amp;ssl=1 768w\" sizes=\"auto, (max-width: 800px) 100vw, 800px\" \/><\/figure>\n\n\n\n<p>Finalmente, le dio la bienvenida a las nuevas familias, y cerr\u00f3 al expresar que <em><strong>\u201cse\u00f1ora Alicia, Comisi\u00f3n Directiva, Arquitectos, levantemos los brazos y digamos \u00a1Sue\u00f1o cumplido!<\/strong><\/em>&#8220;<\/p>\n","protected":false},"excerpt":{"rendered":"<p>La presidenta de la Asociaci\u00f3n Civil de Barrio Educadores de Olavarr\u00eda, Mar\u00eda Luj\u00e1n Taborda, dio unas emotivas palabras tras la<\/p>\n","protected":false},"author":2,"featured_media":109288,"comment_status":"closed","ping_status":"closed","sticky":false,"template":"","format":"standard","meta":{"_jetpack_memberships_contains_paid_content":false,"footnotes":""},"categories":[5,1],"tags":[],"class_list":["post-109287","post","type-post","status-publish","format-standard","has-post-thumbnail","hentry","category-informacion-general","category-portada"],"jetpack_featured_media_url":"https:\/\/i0.wp.com\/cdnoticias.com\/wp-content\/uploads\/2024\/02\/barrio-educa1.jpg?fit=1600%2C890&ssl=1","jetpack_sharing_enabled":true,"_links":{"self":[{"href":"https:\/\/cdnoticias.com\/index.php\/wp-json\/wp\/v2\/posts\/109287","targetHints":{"allow":["GET"]}}],"collection":[{"href":"https:\/\/cdnoticias.com\/index.php\/wp-json\/wp\/v2\/posts"}],"about":[{"href":"https:\/\/cdnoticias.com\/index.php\/wp-json\/wp\/v2\/types\/post"}],"author":[{"embeddable":true,"href":"https:\/\/cdnoticias.com\/index.php\/wp-json\/wp\/v2\/users\/2"}],"replies":[{"embeddable":true,"href":"https:\/\/cdnoticias.com\/index.php\/wp-json\/wp\/v2\/comments?post=109287"}],"version-history":[{"count":0,"href":"https:\/\/cdnoticias.com\/index.php\/wp-json\/wp\/v2\/posts\/109287\/revisions"}],"wp:featuredmedia":[{"embeddable":true,"href":"https:\/\/cdnoticias.com\/index.php\/wp-json\/wp\/v2\/media\/109288"}],"wp:attachment":[{"href":"https:\/\/cdnoticias.com\/index.php\/wp-json\/wp\/v2\/media?parent=109287"}],"wp:term":[{"taxonomy":"category","embeddable":true,"href":"https:\/\/cdnoticias.com\/index.php\/wp-json\/wp\/v2\/categories?post=109287"},{"taxonomy":"post_tag","embeddable":true,"href":"https:\/\/cdnoticias.com\/index.php\/wp-json\/wp\/v2\/tags?post=109287"}],"curies":[{"name":"wp","href":"https:\/\/api.w.org\/{rel}","templated":true}]}}