{"id":109241,"date":"2024-02-22T08:43:23","date_gmt":"2024-02-22T11:43:23","guid":{"rendered":"https:\/\/cdnoticias.com\/?p=109241"},"modified":"2024-02-22T12:39:17","modified_gmt":"2024-02-22T15:39:17","slug":"loma-negra-en-venta-empresarios-argentinos-chinos-y-brasilenos-pujan-por-la-compra","status":"publish","type":"post","link":"https:\/\/cdnoticias.com\/index.php\/2024\/02\/22\/loma-negra-en-venta-empresarios-argentinos-chinos-y-brasilenos-pujan-por-la-compra\/","title":{"rendered":"Loma Negra en venta: empresarios argentinos, chinos y brasile\u00f1os pujan por la compra"},"content":{"rendered":"<p>La semana pr\u00f3xima se presentar\u00e1n las ofertas en el banco JP Morgan. Los empresarios Marcelo Mindlin y Daniel Sielecki, de los sectores energ\u00eda y farmacia respectivamente, hicieron una oferta conjunta.<\/p>\n<p><!--more--><\/p>\n<hr \/>\n<p><strong>La cementera Loma Negra est\u00e1 a punto de cambiar de due\u00f1os.<\/strong> El grupo brasile\u00f1o <strong>Camargo Correa<\/strong> que se alz\u00f3 con la empresa de Amalita Fortabat hace casi veinte a\u00f1os le otorg\u00f3 un <strong>mandato de venta al banco JP Morgan<\/strong>, y en <strong>la pr\u00f3xima semana recibir\u00e1 las ofertas de los potenciales compradores<\/strong>.<\/p>\n<p>&nbsp;<\/p>\n<p>La lista de candidatos incluye a los <strong>empresarios argentinos Marcelo Mindlin y Daniel Sielecki -que se presentan juntos con una oferta-<\/strong> y un par de <strong>compa\u00f1\u00edas de China y Brasil<\/strong>.<\/p>\n<p>&nbsp;<\/p>\n<p>La venta de Loma Negra representa la mayor operaci\u00f3n del mercado local en la etapa Milei. Fuentes cercanas a las negociaciones se\u00f1alan que <strong>la venta podr\u00eda concretarse en una cifra superior a los US$700 millones.<\/strong><\/p>\n<p>&nbsp;<\/p>\n<p><img data-recalc-dims=\"1\" loading=\"lazy\" decoding=\"async\" class=\"size-large wp-image-5532 aligncenter\" src=\"https:\/\/i0.wp.com\/cdnoticias.com\/wp-content\/uploads\/2020\/11\/lamali1.jpg?resize=800%2C600&#038;ssl=1\" alt=\"\" width=\"800\" height=\"600\" srcset=\"https:\/\/i0.wp.com\/cdnoticias.com\/wp-content\/uploads\/2020\/11\/lamali1.jpg?w=1024&amp;ssl=1 1024w, https:\/\/i0.wp.com\/cdnoticias.com\/wp-content\/uploads\/2020\/11\/lamali1.jpg?resize=300%2C225&amp;ssl=1 300w, https:\/\/i0.wp.com\/cdnoticias.com\/wp-content\/uploads\/2020\/11\/lamali1.jpg?resize=768%2C576&amp;ssl=1 768w\" sizes=\"auto, (max-width: 800px) 100vw, 800px\" \/><\/p>\n<p>&nbsp;<\/p>\n<p>La b\u00fasqueda de un comprador para Loma Negra forma parte de un<strong> plan de desinversi\u00f3n del grupo Camargo Correa del negocio cementero<\/strong>. El primer paso en este sentido lo dieron en junio pasado, cuando<strong> InterCement<\/strong>, la sociedad de Camargo Correa que re\u00fane las inversiones del grupo en el negocio del cemento, <strong>se desprendi\u00f3 de sus filiales en Mozambique y Sud\u00e1frica, a manos de la compa\u00f1\u00eda china Huaxin Cement Co. (que ahora tambi\u00e9n estar\u00eda detr\u00e1s de Loma Negra)<\/strong>.<\/p>\n<p>&nbsp;<\/p>\n<p>Con la salida del negocio, los brasile\u00f1os buscan reducir sus pasivos, aunque la operaci\u00f3n tambi\u00e9n forma parte de una nueva estrategia m\u00e1s amplia para concentrarse en otros negocios.<\/p>\n<p>&nbsp;<\/p>\n<p>Consultados por La Naci\u00f3n, <strong>en Loma Negra prefirieron no hacer comentarios sobre la operaci\u00f3n<\/strong>.<\/p>\n<p>&nbsp;<\/p>\n<h2>Los candidatos<\/h2>\n<p>&nbsp;<\/p>\n<p><strong>Mindlin y Sielecki ya son socios en la Transportadora Gas del Sur<\/strong>. Pampa Energ\u00eda, la sociedad de Marcelo Mindlin, controla el 50% de la Compa\u00f1\u00eda de Inversiones de Energ\u00eda (Ciesa), que a su vez es due\u00f1o del 51% de la transportadora de gas. En Ciesa, Mindlin tiene como socio con un 27,1% al Grupo Inversor Petroqu\u00edmica (GIP), de la familia Sielecki.<\/p>\n<p>&nbsp;<\/p>\n<blockquote><p>Los argentinos pelean para quedarse con Loma Negra con compa\u00f1\u00edas de China y Brasil, que ofrecen como principal atractivo que sus ofertas tambi\u00e9n incluir\u00edan las operaciones cementeras que tiene Camargo Correa en el mercado brasile\u00f1o.<\/p><\/blockquote>\n<p>&nbsp;<\/p>\n<p><img data-recalc-dims=\"1\" loading=\"lazy\" decoding=\"async\" class=\"size-full wp-image-52310 aligncenter\" src=\"https:\/\/i0.wp.com\/cdnoticias.com\/wp-content\/uploads\/2022\/04\/lamali-loma-negra-1.jpeg?resize=800%2C445&#038;ssl=1\" alt=\"\" width=\"800\" height=\"445\" srcset=\"https:\/\/i0.wp.com\/cdnoticias.com\/wp-content\/uploads\/2022\/04\/lamali-loma-negra-1.jpeg?w=800&amp;ssl=1 800w, https:\/\/i0.wp.com\/cdnoticias.com\/wp-content\/uploads\/2022\/04\/lamali-loma-negra-1.jpeg?resize=300%2C167&amp;ssl=1 300w, https:\/\/i0.wp.com\/cdnoticias.com\/wp-content\/uploads\/2022\/04\/lamali-loma-negra-1.jpeg?resize=768%2C427&amp;ssl=1 768w\" sizes=\"auto, (max-width: 800px) 100vw, 800px\" \/><\/p>\n<p>&nbsp;<\/p>\n<h2>Gigante de cemento<\/h2>\n<p>&nbsp;<\/p>\n<p><strong>Loma Negra es la compa\u00f1\u00eda l\u00edder en la producci\u00f3n y comercializaci\u00f3n de cemento en la Argentina<\/strong>, con una participaci\u00f3n de mercado cercana al 45%. La empresa est\u00e1 cerca de cumplir 100 a\u00f1os -naci\u00f3 en 1926, de la mano de Alfredo Fortabat- y <strong>es una de las compa\u00f1\u00edas argentinas con mayor reconocimiento p\u00fablico<\/strong>. De la mano de Amalita Fortabat -la viuda del fundador- la empresa consolid\u00f3 su crecimiento, sumando plantas de producci\u00f3n en San Juan, Neuqu\u00e9n y la provincia de Buenos Aires.<\/p>\n<p>&nbsp;<\/p>\n<p>Amalita se hizo cargo de Loma Negra en 1976 y bajo su conducci\u00f3n la empresa triplic\u00f3 su patrimonio en pocos a\u00f1os, convirti\u00e9ndose as\u00ed en la mujer m\u00e1s rica y una de las m\u00e1s poderosas de la Argentina.<\/p>\n<p>&nbsp;<\/p>\n<p><strong>En 2005 la compa\u00f1\u00eda pas\u00f3 a manos de Camargo Correa<\/strong>, que se alz\u00f3 con el control de la firma argentina a cambio de una cifra cercana a los US$1000 millones. <strong>Su debut burs\u00e1til se concret\u00f3 en noviembre de 2018, cuando la cementera recaud\u00f3 US$953 millones por la venta de 251 millones de acciones<\/strong> (que representan cerca del 49% del paquete accionario). La operaci\u00f3n se transform\u00f3 en la <strong>segunda oferta p\u00fablica inicial m\u00e1s grande de una empresa argentina<\/strong> desde que YPF recaudara US$2700 millones en 1993, seg\u00fan precis\u00f3 el libro &#8220;Las 50 de la Bolsa. Qui\u00e9n es qui\u00e9n en el mercado argentino&#8221;, del periodista Facundo Sonatti.<\/p>\n<p>&nbsp;<\/p>\n<p>Fuente y foto: <em>La Naci\u00f3n<\/em><\/p>\n<p>&nbsp;<\/p>\n","protected":false},"excerpt":{"rendered":"<p>La semana pr\u00f3xima se presentar\u00e1n las ofertas en el banco JP Morgan. Los empresarios Marcelo Mindlin y Daniel Sielecki, de<\/p>\n","protected":false},"author":4,"featured_media":109244,"comment_status":"closed","ping_status":"closed","sticky":false,"template":"","format":"standard","meta":{"_jetpack_memberships_contains_paid_content":false,"footnotes":""},"categories":[5,1],"tags":[],"class_list":["post-109241","post","type-post","status-publish","format-standard","has-post-thumbnail","hentry","category-informacion-general","category-portada"],"jetpack_featured_media_url":"https:\/\/i0.wp.com\/cdnoticias.com\/wp-content\/uploads\/2024\/02\/loma-negra-cemento.jpg?fit=800%2C445&ssl=1","jetpack_sharing_enabled":true,"_links":{"self":[{"href":"https:\/\/cdnoticias.com\/index.php\/wp-json\/wp\/v2\/posts\/109241","targetHints":{"allow":["GET"]}}],"collection":[{"href":"https:\/\/cdnoticias.com\/index.php\/wp-json\/wp\/v2\/posts"}],"about":[{"href":"https:\/\/cdnoticias.com\/index.php\/wp-json\/wp\/v2\/types\/post"}],"author":[{"embeddable":true,"href":"https:\/\/cdnoticias.com\/index.php\/wp-json\/wp\/v2\/users\/4"}],"replies":[{"embeddable":true,"href":"https:\/\/cdnoticias.com\/index.php\/wp-json\/wp\/v2\/comments?post=109241"}],"version-history":[{"count":0,"href":"https:\/\/cdnoticias.com\/index.php\/wp-json\/wp\/v2\/posts\/109241\/revisions"}],"wp:featuredmedia":[{"embeddable":true,"href":"https:\/\/cdnoticias.com\/index.php\/wp-json\/wp\/v2\/media\/109244"}],"wp:attachment":[{"href":"https:\/\/cdnoticias.com\/index.php\/wp-json\/wp\/v2\/media?parent=109241"}],"wp:term":[{"taxonomy":"category","embeddable":true,"href":"https:\/\/cdnoticias.com\/index.php\/wp-json\/wp\/v2\/categories?post=109241"},{"taxonomy":"post_tag","embeddable":true,"href":"https:\/\/cdnoticias.com\/index.php\/wp-json\/wp\/v2\/tags?post=109241"}],"curies":[{"name":"wp","href":"https:\/\/api.w.org\/{rel}","templated":true}]}}