{"id":109213,"date":"2024-02-22T08:15:38","date_gmt":"2024-02-22T11:15:38","guid":{"rendered":"https:\/\/cdnoticias.com\/?p=109213"},"modified":"2024-02-22T08:52:21","modified_gmt":"2024-02-22T11:52:21","slug":"convocatoria-a-audiencia-publica-para-aumentar-la-tarifa-de-agua","status":"publish","type":"post","link":"https:\/\/cdnoticias.com\/index.php\/2024\/02\/22\/convocatoria-a-audiencia-publica-para-aumentar-la-tarifa-de-agua\/","title":{"rendered":"Convocatoria a audiencia p\u00fablica para aumentar la tarifa de agua"},"content":{"rendered":"\n<p>Ser\u00e1 el lunes 25 de marzo en el Centro de Exposiciones Municipal de Olavarr\u00eda (CEMO) convocada por la Municipalidad. Se tratar\u00e1 el pedido de aumento que present\u00f3 Coopelectric. El mes que viene se abrir\u00e1 la inscripci\u00f3n para participar.<\/p>\n\n\n\n<hr class=\"wp-block-separator aligncenter has-alpha-channel-opacity\"\/>\n\n\n\n<p>El Municipio inform\u00f3 que con <strong>motivo del pedido de actualizaci\u00f3n tarifaria por el servicio p\u00fablico de agua corriente y servicios cloacales<\/strong> presentado por la Cooperativa Ltda. de Consumo de Electricidad y Servicios Anexos de Olavarr\u00eda, <strong>se convoc\u00f3 a la comunidad a una audiencia p\u00fablica,<\/strong> para que las personas interesadas puedan informarse y dar su parecer al respecto.<\/p>\n\n\n\n<p><\/p>\n\n\n\n<blockquote class=\"wp-block-quote is-layout-flow wp-block-quote-is-layout-flow\">\n<p>La Audiencia P\u00fablica ser\u00e1 el pr\u00f3ximo lunes 25 de marzo, a partir de las 19 horas, en el Centro de Exposiciones Municipal de Olavarr\u00eda (CEMO).<\/p>\n<\/blockquote>\n\n\n\n<p><\/p>\n\n\n\n<p>La inscripci\u00f3n para participar se realizar\u00e1 <strong>presencialmente en sede del HCD, entre el jueves 7 de marzo y el mi\u00e9rcoles 20 de marzo inclusive<\/strong>. A la par, los formularios tambi\u00e9n se hallar\u00e1n disponibles en el sitio web de la Cooperativa.<\/p>\n","protected":false},"excerpt":{"rendered":"<p>Ser\u00e1 el lunes 25 de marzo en el Centro de Exposiciones Municipal de Olavarr\u00eda (CEMO) convocada por la Municipalidad. Se<\/p>\n","protected":false},"author":6,"featured_media":109214,"comment_status":"closed","ping_status":"closed","sticky":false,"template":"","format":"standard","meta":{"_jetpack_memberships_contains_paid_content":false,"footnotes":""},"categories":[5,1],"tags":[],"class_list":["post-109213","post","type-post","status-publish","format-standard","has-post-thumbnail","hentry","category-informacion-general","category-portada"],"jetpack_featured_media_url":"https:\/\/i0.wp.com\/cdnoticias.com\/wp-content\/uploads\/2024\/02\/cemo-lugar.jpg?fit=900%2C597&ssl=1","jetpack_sharing_enabled":true,"_links":{"self":[{"href":"https:\/\/cdnoticias.com\/index.php\/wp-json\/wp\/v2\/posts\/109213","targetHints":{"allow":["GET"]}}],"collection":[{"href":"https:\/\/cdnoticias.com\/index.php\/wp-json\/wp\/v2\/posts"}],"about":[{"href":"https:\/\/cdnoticias.com\/index.php\/wp-json\/wp\/v2\/types\/post"}],"author":[{"embeddable":true,"href":"https:\/\/cdnoticias.com\/index.php\/wp-json\/wp\/v2\/users\/6"}],"replies":[{"embeddable":true,"href":"https:\/\/cdnoticias.com\/index.php\/wp-json\/wp\/v2\/comments?post=109213"}],"version-history":[{"count":0,"href":"https:\/\/cdnoticias.com\/index.php\/wp-json\/wp\/v2\/posts\/109213\/revisions"}],"wp:featuredmedia":[{"embeddable":true,"href":"https:\/\/cdnoticias.com\/index.php\/wp-json\/wp\/v2\/media\/109214"}],"wp:attachment":[{"href":"https:\/\/cdnoticias.com\/index.php\/wp-json\/wp\/v2\/media?parent=109213"}],"wp:term":[{"taxonomy":"category","embeddable":true,"href":"https:\/\/cdnoticias.com\/index.php\/wp-json\/wp\/v2\/categories?post=109213"},{"taxonomy":"post_tag","embeddable":true,"href":"https:\/\/cdnoticias.com\/index.php\/wp-json\/wp\/v2\/tags?post=109213"}],"curies":[{"name":"wp","href":"https:\/\/api.w.org\/{rel}","templated":true}]}}