{"id":109161,"date":"2024-02-21T15:06:41","date_gmt":"2024-02-21T18:06:41","guid":{"rendered":"https:\/\/cdnoticias.com\/?p=109161"},"modified":"2024-02-21T18:17:24","modified_gmt":"2024-02-21T21:17:24","slug":"el-sindicato-de-municipales-se-manifesto-ante-la-llegada-del-gobernador-kicillof","status":"publish","type":"post","link":"https:\/\/cdnoticias.com\/index.php\/2024\/02\/21\/el-sindicato-de-municipales-se-manifesto-ante-la-llegada-del-gobernador-kicillof\/","title":{"rendered":"El Sindicato de Municipales se manifest\u00f3 ante la llegada del gobernador Kicillof"},"content":{"rendered":"<p>Protestaron en las escalinatas del Palacio San Mart\u00edn y se reunieron con el ministro Katopodis y la jefa de Asesores \u00c1lvarez Rodr\u00edguez. Acordaron mantener un encuentro de acercamiento de partes en las pr\u00f3ximas horas.<!--more--><\/p>\n<hr \/>\n<p>El Sindicato de Trabajadores Municipales de Olavarr\u00eda (STMO) realiz\u00f3 un fuerte reclamo salarial en el marco de las actividades previstas para la ma\u00f1ana de este mi\u00e9rcoles con la llegada del gobernador Axel Kicillof a la ciudad.<\/p>\n<p>Minutos despu\u00e9s de las 10 de la ma\u00f1ana, el gobernador Kicillof lleg\u00f3 al Paseo Jes\u00fas Mend\u00eda para concretar la <a href=\"https:\/\/cdnoticias.com\/index.php\/2024\/02\/21\/axel-kicillof-estara-este-miercoles-en-olavarria\/\" target=\"_blank\" rel=\"noopener\">entrega de una combi para la Escuela de Educaci\u00f3n Especial N\u00b0 503, dos ambulancias de alta complejidad y equipamiento y camiones para las municipalidades de Olavarr\u00eda y Azul.<\/a><\/p>\n<p><img data-recalc-dims=\"1\" loading=\"lazy\" decoding=\"async\" class=\"alignnone size-full wp-image-109172\" src=\"https:\/\/i0.wp.com\/cdnoticias.com\/wp-content\/uploads\/2024\/02\/kicillof-reclamo-municipales-03.jpg?resize=800%2C445&#038;ssl=1\" alt=\"\" width=\"800\" height=\"445\" srcset=\"https:\/\/i0.wp.com\/cdnoticias.com\/wp-content\/uploads\/2024\/02\/kicillof-reclamo-municipales-03.jpg?w=800&amp;ssl=1 800w, https:\/\/i0.wp.com\/cdnoticias.com\/wp-content\/uploads\/2024\/02\/kicillof-reclamo-municipales-03.jpg?resize=300%2C167&amp;ssl=1 300w, https:\/\/i0.wp.com\/cdnoticias.com\/wp-content\/uploads\/2024\/02\/kicillof-reclamo-municipales-03.jpg?resize=768%2C427&amp;ssl=1 768w\" sizes=\"auto, (max-width: 800px) 100vw, 800px\" \/><\/p>\n<p><img data-recalc-dims=\"1\" loading=\"lazy\" decoding=\"async\" class=\"alignnone size-full wp-image-109173\" src=\"https:\/\/i0.wp.com\/cdnoticias.com\/wp-content\/uploads\/2024\/02\/kicillof-reclamo-municipales-04.jpg?resize=800%2C445&#038;ssl=1\" alt=\"\" width=\"800\" height=\"445\" srcset=\"https:\/\/i0.wp.com\/cdnoticias.com\/wp-content\/uploads\/2024\/02\/kicillof-reclamo-municipales-04.jpg?w=800&amp;ssl=1 800w, https:\/\/i0.wp.com\/cdnoticias.com\/wp-content\/uploads\/2024\/02\/kicillof-reclamo-municipales-04.jpg?resize=300%2C167&amp;ssl=1 300w, https:\/\/i0.wp.com\/cdnoticias.com\/wp-content\/uploads\/2024\/02\/kicillof-reclamo-municipales-04.jpg?resize=768%2C427&amp;ssl=1 768w\" sizes=\"auto, (max-width: 800px) 100vw, 800px\" \/><\/p>\n<p>Al mismo tiempo, referentes del STMO irrumpieron en el Paseo con pancartas en <a href=\"https:\/\/cdnoticias.com\/index.php\/2024\/02\/21\/asamblea-del-stmo-siguen-las-medidas-de-fuerza-y-llaman-al-municipio-para-el-jueves\/\" target=\"_blank\" rel=\"noopener\">reclamo de mejoras salariales ante una negociaci\u00f3n paritaria que busca reabrirse.<\/a> Esta situaci\u00f3n gener\u00f3 que el gobernador ingrese a la Municipalidad y que los trabajadores municipales, acompa\u00f1ados por<strong> gremios nucleados en la CGT,<\/strong> se ubiquen en las escalinatas del edificio.<\/p>\n<p><img data-recalc-dims=\"1\" loading=\"lazy\" decoding=\"async\" class=\"alignnone size-full wp-image-109179\" src=\"https:\/\/i0.wp.com\/cdnoticias.com\/wp-content\/uploads\/2024\/02\/kicillof-reclamo-municipales-11.jpg?resize=800%2C445&#038;ssl=1\" alt=\"\" width=\"800\" height=\"445\" srcset=\"https:\/\/i0.wp.com\/cdnoticias.com\/wp-content\/uploads\/2024\/02\/kicillof-reclamo-municipales-11.jpg?w=800&amp;ssl=1 800w, https:\/\/i0.wp.com\/cdnoticias.com\/wp-content\/uploads\/2024\/02\/kicillof-reclamo-municipales-11.jpg?resize=300%2C167&amp;ssl=1 300w, https:\/\/i0.wp.com\/cdnoticias.com\/wp-content\/uploads\/2024\/02\/kicillof-reclamo-municipales-11.jpg?resize=768%2C427&amp;ssl=1 768w\" sizes=\"auto, (max-width: 800px) 100vw, 800px\" \/><\/p>\n<blockquote><p>Luego de varios minutos, el secretario general del gremio Jos\u00e9 Stuppia y otros referentes, fueron convocados a una reuni\u00f3n con el ministro de Infraestructura y Servicios P\u00fablicos Gabriel Katopodis, y la jefa de Asesores del gobernador Cristina \u00c1lvarez Rodr\u00edguez.<\/p><\/blockquote>\n<p><img data-recalc-dims=\"1\" loading=\"lazy\" decoding=\"async\" class=\"alignnone size-full wp-image-109178\" src=\"https:\/\/i0.wp.com\/cdnoticias.com\/wp-content\/uploads\/2024\/02\/kicillof-reclamo-municipales-10.jpg?resize=800%2C445&#038;ssl=1\" alt=\"\" width=\"800\" height=\"445\" srcset=\"https:\/\/i0.wp.com\/cdnoticias.com\/wp-content\/uploads\/2024\/02\/kicillof-reclamo-municipales-10.jpg?w=800&amp;ssl=1 800w, https:\/\/i0.wp.com\/cdnoticias.com\/wp-content\/uploads\/2024\/02\/kicillof-reclamo-municipales-10.jpg?resize=300%2C167&amp;ssl=1 300w, https:\/\/i0.wp.com\/cdnoticias.com\/wp-content\/uploads\/2024\/02\/kicillof-reclamo-municipales-10.jpg?resize=768%2C427&amp;ssl=1 768w\" sizes=\"auto, (max-width: 800px) 100vw, 800px\" \/><\/p>\n<p><img data-recalc-dims=\"1\" loading=\"lazy\" decoding=\"async\" class=\"alignnone size-full wp-image-109177\" src=\"https:\/\/i0.wp.com\/cdnoticias.com\/wp-content\/uploads\/2024\/02\/kicillof-reclamo-municipales-09.jpg?resize=800%2C445&#038;ssl=1\" alt=\"\" width=\"800\" height=\"445\" srcset=\"https:\/\/i0.wp.com\/cdnoticias.com\/wp-content\/uploads\/2024\/02\/kicillof-reclamo-municipales-09.jpg?w=800&amp;ssl=1 800w, https:\/\/i0.wp.com\/cdnoticias.com\/wp-content\/uploads\/2024\/02\/kicillof-reclamo-municipales-09.jpg?resize=300%2C167&amp;ssl=1 300w, https:\/\/i0.wp.com\/cdnoticias.com\/wp-content\/uploads\/2024\/02\/kicillof-reclamo-municipales-09.jpg?resize=768%2C427&amp;ssl=1 768w\" sizes=\"auto, (max-width: 800px) 100vw, 800px\" \/><\/p>\n<p>Afuera, <strong>la situaci\u00f3n se tens\u00f3 cuando algunas personas que pasaban por el lugar, increparon a los trabajadores y cuestionaron las medidas de acci\u00f3n adoptadas<\/strong> principalmente en el Hospital Municipal \u201cDr. H\u00e9ctor Cura\u201d. Se\u00f1alaron situaci\u00f3n de \u201cabandono de pacientes\u201d y problemas de higiene. Esto fue desmentido, a los gritos, por los propios trabajadores.<\/p>\n<p><strong><img data-recalc-dims=\"1\" loading=\"lazy\" decoding=\"async\" class=\"alignnone size-full wp-image-109176\" src=\"https:\/\/i0.wp.com\/cdnoticias.com\/wp-content\/uploads\/2024\/02\/kicillof-reclamo-municipales-08.jpg?resize=800%2C445&#038;ssl=1\" alt=\"\" width=\"800\" height=\"445\" srcset=\"https:\/\/i0.wp.com\/cdnoticias.com\/wp-content\/uploads\/2024\/02\/kicillof-reclamo-municipales-08.jpg?w=800&amp;ssl=1 800w, https:\/\/i0.wp.com\/cdnoticias.com\/wp-content\/uploads\/2024\/02\/kicillof-reclamo-municipales-08.jpg?resize=300%2C167&amp;ssl=1 300w, https:\/\/i0.wp.com\/cdnoticias.com\/wp-content\/uploads\/2024\/02\/kicillof-reclamo-municipales-08.jpg?resize=768%2C427&amp;ssl=1 768w\" sizes=\"auto, (max-width: 800px) 100vw, 800px\" \/><\/strong><\/p>\n<p><img data-recalc-dims=\"1\" loading=\"lazy\" decoding=\"async\" class=\"alignnone size-full wp-image-109174\" src=\"https:\/\/i0.wp.com\/cdnoticias.com\/wp-content\/uploads\/2024\/02\/kicillof-reclamo-municipales-06.jpg?resize=800%2C445&#038;ssl=1\" alt=\"\" width=\"800\" height=\"445\" srcset=\"https:\/\/i0.wp.com\/cdnoticias.com\/wp-content\/uploads\/2024\/02\/kicillof-reclamo-municipales-06.jpg?w=800&amp;ssl=1 800w, https:\/\/i0.wp.com\/cdnoticias.com\/wp-content\/uploads\/2024\/02\/kicillof-reclamo-municipales-06.jpg?resize=300%2C167&amp;ssl=1 300w, https:\/\/i0.wp.com\/cdnoticias.com\/wp-content\/uploads\/2024\/02\/kicillof-reclamo-municipales-06.jpg?resize=768%2C427&amp;ssl=1 768w\" sizes=\"auto, (max-width: 800px) 100vw, 800px\" \/><\/p>\n<p>Finalmente, Stuppia sali\u00f3 de la reuni\u00f3n y la catalog\u00f3 de <strong>\u201causpiciosa\u201d:<\/strong> <strong>\u201cque intervenga el gobernador nos parece excepcional y se lo agradecemos\u201d<\/strong> y detall\u00f3 que se sentar\u00e1n \u201ca dialogar\u201d por mandato del gobernador. \u201c\u00c9l da como garant\u00edas que el ministerio de Trabajo de la provincia de Buenos Aires, con el compa\u00f1ero Correa, va a estar a la cabeza de la negociaci\u00f3n\u201d.<\/p>\n<p>De esta forma, <strong>en el plazo de 48 horas habr\u00e1 un acercamiento de las partes<\/strong> y contar\u00e1n en las negociaciones colectivas con un miembro del ministerio de Trabajo de La Plata, a los fines de actuar como tercero imparcial que oriente el di\u00e1logo.<\/p>\n<p><img data-recalc-dims=\"1\" loading=\"lazy\" decoding=\"async\" class=\"alignnone size-full wp-image-109180\" src=\"https:\/\/i0.wp.com\/cdnoticias.com\/wp-content\/uploads\/2024\/02\/kicillof-reclamo-municipales-12.jpg?resize=800%2C445&#038;ssl=1\" alt=\"\" width=\"800\" height=\"445\" srcset=\"https:\/\/i0.wp.com\/cdnoticias.com\/wp-content\/uploads\/2024\/02\/kicillof-reclamo-municipales-12.jpg?w=800&amp;ssl=1 800w, https:\/\/i0.wp.com\/cdnoticias.com\/wp-content\/uploads\/2024\/02\/kicillof-reclamo-municipales-12.jpg?resize=300%2C167&amp;ssl=1 300w, https:\/\/i0.wp.com\/cdnoticias.com\/wp-content\/uploads\/2024\/02\/kicillof-reclamo-municipales-12.jpg?resize=768%2C427&amp;ssl=1 768w\" sizes=\"auto, (max-width: 800px) 100vw, 800px\" \/><\/p>\n<p>El gobernador Kicillof sali\u00f3 de la Municipalidad, <strong>salud\u00f3 a los trabajadores del STMO y de la CGT,<\/strong> y el acto de entrega de veh\u00edculos se desarroll\u00f3 con normalidad. Luego sigui\u00f3 su recorrido, con la entrega de viviendas y la finalizaci\u00f3n definitiva del barrio Educadores.<\/p>\n","protected":false},"excerpt":{"rendered":"<p>Protestaron en las escalinatas del Palacio San Mart\u00edn y se reunieron con el ministro Katopodis y la jefa de Asesores<\/p>\n","protected":false},"author":2,"featured_media":109170,"comment_status":"closed","ping_status":"closed","sticky":false,"template":"","format":"standard","meta":{"_jetpack_memberships_contains_paid_content":false,"footnotes":""},"categories":[4,1],"tags":[],"class_list":["post-109161","post","type-post","status-publish","format-standard","has-post-thumbnail","hentry","category-politica","category-portada"],"jetpack_featured_media_url":"https:\/\/i0.wp.com\/cdnoticias.com\/wp-content\/uploads\/2024\/02\/kicillof-reclamo-municipales-01.jpg?fit=800%2C445&ssl=1","jetpack_sharing_enabled":true,"_links":{"self":[{"href":"https:\/\/cdnoticias.com\/index.php\/wp-json\/wp\/v2\/posts\/109161","targetHints":{"allow":["GET"]}}],"collection":[{"href":"https:\/\/cdnoticias.com\/index.php\/wp-json\/wp\/v2\/posts"}],"about":[{"href":"https:\/\/cdnoticias.com\/index.php\/wp-json\/wp\/v2\/types\/post"}],"author":[{"embeddable":true,"href":"https:\/\/cdnoticias.com\/index.php\/wp-json\/wp\/v2\/users\/2"}],"replies":[{"embeddable":true,"href":"https:\/\/cdnoticias.com\/index.php\/wp-json\/wp\/v2\/comments?post=109161"}],"version-history":[{"count":0,"href":"https:\/\/cdnoticias.com\/index.php\/wp-json\/wp\/v2\/posts\/109161\/revisions"}],"wp:featuredmedia":[{"embeddable":true,"href":"https:\/\/cdnoticias.com\/index.php\/wp-json\/wp\/v2\/media\/109170"}],"wp:attachment":[{"href":"https:\/\/cdnoticias.com\/index.php\/wp-json\/wp\/v2\/media?parent=109161"}],"wp:term":[{"taxonomy":"category","embeddable":true,"href":"https:\/\/cdnoticias.com\/index.php\/wp-json\/wp\/v2\/categories?post=109161"},{"taxonomy":"post_tag","embeddable":true,"href":"https:\/\/cdnoticias.com\/index.php\/wp-json\/wp\/v2\/tags?post=109161"}],"curies":[{"name":"wp","href":"https:\/\/api.w.org\/{rel}","templated":true}]}}