{"id":109109,"date":"2024-02-20T17:42:56","date_gmt":"2024-02-20T20:42:56","guid":{"rendered":"https:\/\/cdnoticias.com\/?p=109109"},"modified":"2024-02-20T19:15:38","modified_gmt":"2024-02-20T22:15:38","slug":"este-sabado-se-realizara-mercados-bonaerenses-en-el-corsodromo-municipal","status":"publish","type":"post","link":"https:\/\/cdnoticias.com\/index.php\/2024\/02\/20\/este-sabado-se-realizara-mercados-bonaerenses-en-el-corsodromo-municipal\/","title":{"rendered":"Este s\u00e1bado se realizar\u00e1 \u201cMercados Bonaerenses\u201d en el Cors\u00f3dromo Municipal"},"content":{"rendered":"\n<p>Fue tras su suspensi\u00f3n, d\u00edas atr\u00e1s. Habr\u00e1 panificados dulces y saladas, bebidas, quesos plantas y plantines, miel y productos sin TACC. Descuentos con Cuenta DNI.<\/p>\n\n\n\n<hr class=\"wp-block-separator aligncenter has-alpha-channel-opacity\"\/>\n\n\n\n<p>Desde la Secretar\u00eda de Desarrollo Econ\u00f3mico y Productivo del Municipio de Olavarr\u00eda, a trav\u00e9s de la Coordinaci\u00f3n de Econom\u00eda Popular, <strong>se invita a la comunidad a ser parte del programa \u201cMercados Bonaerenses\u201d.<\/strong><\/p>\n\n\n\n<p>La actividad que se llevar\u00e1 a cabo<strong> este s\u00e1bado 24 de febrero en el Cosm\u00f3dromo Municipal, de 9:00 a 15:00 horas. Contar\u00e1 con la participaci\u00f3n de productores locales, quienes ofrecer\u00e1n panificados dulces y saladas, bebidas, quesos plantas y plantines, miel y productos sin TACC.<\/strong><\/p>\n\n\n\n<figure class=\"wp-block-image size-full\"><img data-recalc-dims=\"1\" loading=\"lazy\" decoding=\"async\" width=\"800\" height=\"800\" src=\"https:\/\/i0.wp.com\/cdnoticias.com\/wp-content\/uploads\/2024\/02\/MERCADOS-BONAERENSES-SABADO-24-1024x1024-1.jpg?resize=800%2C800&#038;ssl=1\" alt=\"\" class=\"wp-image-109110\" srcset=\"https:\/\/i0.wp.com\/cdnoticias.com\/wp-content\/uploads\/2024\/02\/MERCADOS-BONAERENSES-SABADO-24-1024x1024-1.jpg?w=1024&amp;ssl=1 1024w, https:\/\/i0.wp.com\/cdnoticias.com\/wp-content\/uploads\/2024\/02\/MERCADOS-BONAERENSES-SABADO-24-1024x1024-1.jpg?resize=300%2C300&amp;ssl=1 300w, https:\/\/i0.wp.com\/cdnoticias.com\/wp-content\/uploads\/2024\/02\/MERCADOS-BONAERENSES-SABADO-24-1024x1024-1.jpg?resize=150%2C150&amp;ssl=1 150w, https:\/\/i0.wp.com\/cdnoticias.com\/wp-content\/uploads\/2024\/02\/MERCADOS-BONAERENSES-SABADO-24-1024x1024-1.jpg?resize=768%2C768&amp;ssl=1 768w\" sizes=\"auto, (max-width: 800px) 100vw, 800px\" \/><\/figure>\n\n\n\n<blockquote class=\"wp-block-quote is-layout-flow wp-block-quote-is-layout-flow\">\n<p>Adem\u00e1s, se dispondr\u00e1n en el marco de la feria dos camiones destinados a la venta de l\u00e1cteos, pastas y pescados, teniendo estos \u00faltimos dos rubros 40% de descuento con Cuenta DNI (tope de reintegro $3000).<\/p>\n<\/blockquote>\n\n\n\n<p>Cabe destacar que desde la mencionada coordinaci\u00f3n se inform\u00f3 que<strong> se trata de una actividad que tendr\u00e1 continuidad durante todo el a\u00f1o.<\/strong><\/p>\n\n\n\n<p>El Programa \u201cMercados Bonaerenses\u201d tiene por objetivo<strong> fortalecer y asistir experiencias de producci\u00f3n, comercializaci\u00f3n y abastecimiento local de agroalimentos, que se desarrollen en el \u00e1mbito de la provincia de Buenos Aires; como as\u00ed tambi\u00e9n fomentar la producci\u00f3n y el consumo de \u201cAlimentos Bonaerenses\u201d a trav\u00e9s de la asistencia, formalizaci\u00f3n y capacitaci\u00f3n a productores, comercializadores y municipios<\/strong>, para crear, ampliar y fortalecer mercados y ferias de alimentos fijas o itinerantes.<\/p>\n","protected":false},"excerpt":{"rendered":"<p>Fue tras su suspensi\u00f3n, d\u00edas atr\u00e1s. Habr\u00e1 panificados dulces y saladas, bebidas, quesos plantas y plantines, miel y productos sin<\/p>\n","protected":false},"author":2,"featured_media":108214,"comment_status":"closed","ping_status":"closed","sticky":false,"template":"","format":"standard","meta":{"_jetpack_memberships_contains_paid_content":false,"footnotes":""},"categories":[5,1],"tags":[],"class_list":["post-109109","post","type-post","status-publish","format-standard","has-post-thumbnail","hentry","category-informacion-general","category-portada"],"jetpack_featured_media_url":"https:\/\/i0.wp.com\/cdnoticias.com\/wp-content\/uploads\/2024\/02\/mercado-bonaerense.jpg?fit=950%2C535&ssl=1","jetpack_sharing_enabled":true,"_links":{"self":[{"href":"https:\/\/cdnoticias.com\/index.php\/wp-json\/wp\/v2\/posts\/109109","targetHints":{"allow":["GET"]}}],"collection":[{"href":"https:\/\/cdnoticias.com\/index.php\/wp-json\/wp\/v2\/posts"}],"about":[{"href":"https:\/\/cdnoticias.com\/index.php\/wp-json\/wp\/v2\/types\/post"}],"author":[{"embeddable":true,"href":"https:\/\/cdnoticias.com\/index.php\/wp-json\/wp\/v2\/users\/2"}],"replies":[{"embeddable":true,"href":"https:\/\/cdnoticias.com\/index.php\/wp-json\/wp\/v2\/comments?post=109109"}],"version-history":[{"count":0,"href":"https:\/\/cdnoticias.com\/index.php\/wp-json\/wp\/v2\/posts\/109109\/revisions"}],"wp:featuredmedia":[{"embeddable":true,"href":"https:\/\/cdnoticias.com\/index.php\/wp-json\/wp\/v2\/media\/108214"}],"wp:attachment":[{"href":"https:\/\/cdnoticias.com\/index.php\/wp-json\/wp\/v2\/media?parent=109109"}],"wp:term":[{"taxonomy":"category","embeddable":true,"href":"https:\/\/cdnoticias.com\/index.php\/wp-json\/wp\/v2\/categories?post=109109"},{"taxonomy":"post_tag","embeddable":true,"href":"https:\/\/cdnoticias.com\/index.php\/wp-json\/wp\/v2\/tags?post=109109"}],"curies":[{"name":"wp","href":"https:\/\/api.w.org\/{rel}","templated":true}]}}