{"id":109067,"date":"2024-02-19T19:00:31","date_gmt":"2024-02-19T22:00:31","guid":{"rendered":"https:\/\/cdnoticias.com\/?p=109067"},"modified":"2024-02-19T19:00:33","modified_gmt":"2024-02-19T22:00:33","slug":"denuncian-que-nacion-recorto-fondos-para-mujeres-en-situacion-de-violencia-de-genero","status":"publish","type":"post","link":"https:\/\/cdnoticias.com\/index.php\/2024\/02\/19\/denuncian-que-nacion-recorto-fondos-para-mujeres-en-situacion-de-violencia-de-genero\/","title":{"rendered":"Denuncian que Naci\u00f3n recort\u00f3 fondos para mujeres en situaci\u00f3n de violencia de g\u00e9nero"},"content":{"rendered":"\n<p>La ministra de las Mujeres, Pol\u00edticas de G\u00e9nero y Diversidad bonaerense, Estela D\u00edaz, denunci\u00f3 que el Gobierno fren\u00f3 los programas Acompa\u00f1ar y Alimentar.<\/p>\n\n\n\n<hr class=\"wp-block-separator aligncenter has-alpha-channel-opacity\"\/>\n\n\n\n<p>La<strong> ministra de las Mujeres, Pol\u00edticas de G\u00e9nero y Diversidad <\/strong>bonaerense, <strong>Estela D\u00edaz, denunci\u00f3 que el Gobierno de Javier Milei fren\u00f3 programas destinados espec\u00edficamente a mujeres en situaci\u00f3n de riesgo por cuestiones de violencia<\/strong>.<\/p>\n\n\n\n<p><\/p>\n\n\n\n<p>D\u00edaz se refiri\u00f3 a los programas<strong> Acompa\u00f1ar, <\/strong>que tiene el objetivo de fortalecer la <strong>independencia econ\u00f3mica de mujeres y LGBTI+ en situaci\u00f3n de violencia de g\u00e9nero;<\/strong> y el <strong>Alimentar,<\/strong> que da fondos de la <strong>Tarjeta Alimentar<\/strong> para la misma poblaci\u00f3n objetivo.<\/p>\n\n\n\n<p><\/p>\n\n\n\n<blockquote class=\"wp-block-quote is-layout-flow wp-block-quote-is-layout-flow\">\n<p>\u201cEs muy grave. El t\u00edtulo es el s\u00e1lvese quien pueda. Esa es la l\u00ednea directriz de quien gobierna. Ah\u00ed, cuando ten\u00e9s grupos que sufren especiales situaciones de vulnerabilidad, eso se agrava\u201d, advirti\u00f3 la funcionaria del Gobierno de Axel Kicillof.<\/p>\n<\/blockquote>\n\n\n\n<p><\/p>\n\n\n\n<p>D\u00edaz explic\u00f3 que <strong>estos recortes llegaron en un contexto de desjerarquizaci\u00f3n de las pol\u00edticas de g\u00e9nero, <\/strong>donde, por ejemplo, <strong>se elimin\u00f3 el Ministerio de las Mujeres nacional <\/strong>y se transform\u00f3 en apenas una subsecretar\u00eda, al tiempo que se redujo su objetivo institucional.<\/p>\n\n\n\n<p><\/p>\n\n\n\n<p><em>\u201cIncluso le cambi\u00f3 el nombre y el enfoque de lo que mandan los tratados internacionales y nuestras leyes. Solo plantea ocuparse de \u2018violencia familiar\u2019, volviendo a un enfoque de fin de los a\u00f1os 80\u2019\u201d, <\/em>precis\u00f3 en declaraciones a AM 750.<\/p>\n\n\n\n<p><\/p>\n\n\n\n<blockquote class=\"wp-block-quote is-layout-flow wp-block-quote-is-layout-flow\">\n<p>\u201cAdem\u00e1s, lo hace con una estructura m\u00ednima que no tiene ning\u00fan encuadre sobre la cantidad de perspectivas que es importante que se aborde. El 90% del presupuesto se dedicaba a violencia por razones g\u00e9nero, un problema muy grave en la sociedad que Milei niega que exista\u201d, agreg\u00f3.<\/p>\n<\/blockquote>\n\n\n\n<p><\/p>\n\n\n\n<p>As\u00ed, sobre el impacto del cierre de los programas de asistencia, dijo que se trata de \u201ccasos de necesidades m\u00e1s extremas. <strong>Desde diciembre no se pagan m\u00e1s sin ninguna explicaci\u00f3n. Es desamparar a quienes m\u00e1s necesitan<\/strong>. El impacto es directo. Ya estamos en esa situaci\u00f3n\u201d cerr\u00f3.<\/p>\n\n\n\n<p><\/p>\n\n\n\n<p><em>Fuente: DIB<\/em><\/p>\n","protected":false},"excerpt":{"rendered":"<p>La ministra de las Mujeres, Pol\u00edticas de G\u00e9nero y Diversidad bonaerense, Estela D\u00edaz, denunci\u00f3 que el Gobierno fren\u00f3 los programas<\/p>\n","protected":false},"author":6,"featured_media":68093,"comment_status":"closed","ping_status":"closed","sticky":false,"template":"","format":"standard","meta":{"_jetpack_memberships_contains_paid_content":false,"footnotes":""},"categories":[3,1],"tags":[],"class_list":["post-109067","post","type-post","status-publish","format-standard","has-post-thumbnail","hentry","category-genero","category-portada"],"jetpack_featured_media_url":"https:\/\/i0.wp.com\/cdnoticias.com\/wp-content\/uploads\/2022\/10\/nosotras-producimos-estela-diaz-0.jpg?fit=800%2C445&ssl=1","jetpack_sharing_enabled":true,"_links":{"self":[{"href":"https:\/\/cdnoticias.com\/index.php\/wp-json\/wp\/v2\/posts\/109067","targetHints":{"allow":["GET"]}}],"collection":[{"href":"https:\/\/cdnoticias.com\/index.php\/wp-json\/wp\/v2\/posts"}],"about":[{"href":"https:\/\/cdnoticias.com\/index.php\/wp-json\/wp\/v2\/types\/post"}],"author":[{"embeddable":true,"href":"https:\/\/cdnoticias.com\/index.php\/wp-json\/wp\/v2\/users\/6"}],"replies":[{"embeddable":true,"href":"https:\/\/cdnoticias.com\/index.php\/wp-json\/wp\/v2\/comments?post=109067"}],"version-history":[{"count":0,"href":"https:\/\/cdnoticias.com\/index.php\/wp-json\/wp\/v2\/posts\/109067\/revisions"}],"wp:featuredmedia":[{"embeddable":true,"href":"https:\/\/cdnoticias.com\/index.php\/wp-json\/wp\/v2\/media\/68093"}],"wp:attachment":[{"href":"https:\/\/cdnoticias.com\/index.php\/wp-json\/wp\/v2\/media?parent=109067"}],"wp:term":[{"taxonomy":"category","embeddable":true,"href":"https:\/\/cdnoticias.com\/index.php\/wp-json\/wp\/v2\/categories?post=109067"},{"taxonomy":"post_tag","embeddable":true,"href":"https:\/\/cdnoticias.com\/index.php\/wp-json\/wp\/v2\/tags?post=109067"}],"curies":[{"name":"wp","href":"https:\/\/api.w.org\/{rel}","templated":true}]}}