{"id":109051,"date":"2024-02-19T19:53:23","date_gmt":"2024-02-19T22:53:23","guid":{"rendered":"https:\/\/cdnoticias.com\/?p=109051"},"modified":"2024-02-19T19:53:25","modified_gmt":"2024-02-19T22:53:25","slug":"con-el-primer-temporal-de-diciembre-54-mil-usuarios-quedaron-sin-luz-en-olavarria","status":"publish","type":"post","link":"https:\/\/cdnoticias.com\/index.php\/2024\/02\/19\/con-el-primer-temporal-de-diciembre-54-mil-usuarios-quedaron-sin-luz-en-olavarria\/","title":{"rendered":"Con el primer temporal de diciembre, 54 mil usuarios quedaron sin luz en Olavarr\u00eda"},"content":{"rendered":"<p>Es el 96,5% de los usuarios de Coopelectric. Oceba audit\u00f3 a la cooperativa en diciembre y destac\u00f3 el bajo tiempo de respuesta para la recuperaci\u00f3n de gran parte del servicio.<\/p>\n<p><!--more--><\/p>\n<hr \/>\n<p>En el marco del<strong> pedido de Coopelectric<\/strong> al Organismo de Control de Electricidad de la provincia de Buenos Aires (Oceba) del <strong>\u201cFondo de Reserva para Situaciones Cr\u00edticas\u201d<\/strong>, se detallaron <strong>aspectos t\u00e9cnicos del impacto de los temporales del 12 y 14 de diciembre<\/strong> sobre ese servicio en Olavarr\u00eda. <strong>El 96,5% de los usuarios se quedaron sin servicio al mismo tiempo<\/strong>.<\/p>\n<p>El viento, la lluvia y el granizo dejaron sus consecuencias sobre numerosas instalaciones e infraestructuras en el distrito, y el sistema el\u00e9ctrico fue uno de los grandes afectados.<\/p>\n<blockquote><p>En su informe al Oceba, Coopelectric expuso que \u201clos fuertes vientos registrados el d\u00eda martes 12\/12\/2023 a partir de las 18:30 hs, en el marco de una fuerte tormenta de lluvia y granizo sobre todas las instalaciones de distribuci\u00f3n de la Cooperativa de Olavarr\u00eda (\u2026) la afectaci\u00f3n alcanz\u00f3 a 54.009 usuarios de la totalidad que alcanza a 55.914\u201d.<\/p><\/blockquote>\n<p>La situaci\u00f3n se dio por<strong> \u201cla p\u00e9rdida de casi la totalidad de los alimentadores de 33kV\u201d<\/strong>. Se inform\u00f3 que los operarios \u201cprocedieron a recorrer toda la l\u00ednea y el sistema de 13,2kV urbano, abriendo los circuitos de BT de todos los centros de transformaci\u00f3n\u201d y que <em>\u201ctrabajaron en todo el sistema de distribuci\u00f3n gestionando los recursos de manera de proceder a las reparaciones que permitan el restablecimiento de mayor cantidad de usuarios en el menor tiempo posible\u201d<\/em>.<\/p>\n<p>El d\u00eda <strong>18 de diciembre de 2023<\/strong>, desde <strong>Oceba<\/strong> se realiz\u00f3 una <strong>auditor\u00eda sobre la labor de Coopelectric<\/strong> tras la cual <strong>se destac\u00f3 \u201clas acciones emprendidas para reponer el servicio a los usuarios\u201d<\/strong> que implicaron que <strong>\u201ca las 48 horas de haberse registrado el primer evento meteorol\u00f3gico, <a href=\"https:\/\/cdnoticias.com\/index.php\/2023\/12\/15\/coopelectric-el-95-de-la-ciudad-cuenta-con-luz-y-continuan-trabajando-en-los-focos-grandes-afectados\/\" target=\"_blank\" rel=\"noopener\">hab\u00edan logrado restituir el 90 % de los usuarios<\/a>\u201d<\/strong>.<\/p>\n<p>Para el <a href=\"https:\/\/cdnoticias.com\/index.php\/2023\/12\/18\/coopelectric-informo-que-se-repuso-un-98-del-servicio-electrico-de-olavarria\/\" target=\"_blank\" rel=\"noopener\">18 de diciembre la reposici\u00f3n era de 98%<\/a>. Hubo que esperar <a href=\"https:\/\/cdnoticias.com\/index.php\/2023\/12\/21\/coopelectric-el-servicio-electrico-del-sistema-urbano-se-encuentra-restituido\/\" target=\"_blank\" rel=\"noopener\">hasta el 21 de diciembre para el restablecimiento completo<\/a> del servicio, fecha en la que a\u00fan continuaban labores en puntos espec\u00edficos de la concesi\u00f3n.<\/p>\n<p>Cabe recordar que <a href=\"https:\/\/cdnoticias.com\/index.php\/2024\/01\/02\/coopelectric-la-recuperacion-del-sistema-electrico-demandara-tiempo-e-inversion\/\" target=\"_blank\" rel=\"noopener\">desde la cooperativa se emiti\u00f3 un comunicado el 2 de enero de esto a\u00f1o<\/a> donde se brind\u00f3 informaci\u00f3n sobre la <strong>recuperaci\u00f3n del sistema<\/strong>, se advirti\u00f3 que <strong>\u201cllevar\u00e1 tiempo\u201d el restablecimiento total<\/strong> para que vuelva al estado anterior al 12 de diciembre.<\/p>\n<p>All\u00ed se apunt\u00f3 a otra problem\u00e1tica que no fue abordada en la resoluci\u00f3n de Oceba: <strong>el robo de unos 20 mil metros de cables<\/strong>, que fue otra variable que tuvo impacto en el restablecimiento del servicio tras los fen\u00f3menos meteorol\u00f3gicos de diciembre.<\/p>\n","protected":false},"excerpt":{"rendered":"<p>Es el 96,5% de los usuarios de Coopelectric. Oceba audit\u00f3 a la cooperativa en diciembre y destac\u00f3 el bajo tiempo<\/p>\n","protected":false},"author":4,"featured_media":104192,"comment_status":"closed","ping_status":"closed","sticky":false,"template":"","format":"standard","meta":{"_jetpack_memberships_contains_paid_content":false,"footnotes":""},"categories":[5,1],"tags":[],"class_list":["post-109051","post","type-post","status-publish","format-standard","has-post-thumbnail","hentry","category-informacion-general","category-portada"],"jetpack_featured_media_url":"https:\/\/i0.wp.com\/cdnoticias.com\/wp-content\/uploads\/2023\/12\/temporal-12-de-diciembre-9.jpeg?fit=800%2C440&ssl=1","jetpack_sharing_enabled":true,"_links":{"self":[{"href":"https:\/\/cdnoticias.com\/index.php\/wp-json\/wp\/v2\/posts\/109051","targetHints":{"allow":["GET"]}}],"collection":[{"href":"https:\/\/cdnoticias.com\/index.php\/wp-json\/wp\/v2\/posts"}],"about":[{"href":"https:\/\/cdnoticias.com\/index.php\/wp-json\/wp\/v2\/types\/post"}],"author":[{"embeddable":true,"href":"https:\/\/cdnoticias.com\/index.php\/wp-json\/wp\/v2\/users\/4"}],"replies":[{"embeddable":true,"href":"https:\/\/cdnoticias.com\/index.php\/wp-json\/wp\/v2\/comments?post=109051"}],"version-history":[{"count":0,"href":"https:\/\/cdnoticias.com\/index.php\/wp-json\/wp\/v2\/posts\/109051\/revisions"}],"wp:featuredmedia":[{"embeddable":true,"href":"https:\/\/cdnoticias.com\/index.php\/wp-json\/wp\/v2\/media\/104192"}],"wp:attachment":[{"href":"https:\/\/cdnoticias.com\/index.php\/wp-json\/wp\/v2\/media?parent=109051"}],"wp:term":[{"taxonomy":"category","embeddable":true,"href":"https:\/\/cdnoticias.com\/index.php\/wp-json\/wp\/v2\/categories?post=109051"},{"taxonomy":"post_tag","embeddable":true,"href":"https:\/\/cdnoticias.com\/index.php\/wp-json\/wp\/v2\/tags?post=109051"}],"curies":[{"name":"wp","href":"https:\/\/api.w.org\/{rel}","templated":true}]}}