{"id":109048,"date":"2024-02-19T18:30:45","date_gmt":"2024-02-19T21:30:45","guid":{"rendered":"https:\/\/cdnoticias.com\/?p=109048"},"modified":"2024-02-20T10:03:49","modified_gmt":"2024-02-20T13:03:49","slug":"oceba-aprobo-868-millones-para-coopelectric-por-los-danos-tras-los-temporales-de-diciembre","status":"publish","type":"post","link":"https:\/\/cdnoticias.com\/index.php\/2024\/02\/19\/oceba-aprobo-868-millones-para-coopelectric-por-los-danos-tras-los-temporales-de-diciembre\/","title":{"rendered":"Oceba aprob\u00f3 $ 86,8 millones para Coopelectric por los da\u00f1os tras los temporales de diciembre"},"content":{"rendered":"<p>Se trata del \u201cFondo de Reserva para Situaciones Cr\u00edticas\u201d que solicit\u00f3 la cooperativa para afrontar la reparaci\u00f3n del sistema. Se evaluaron los da\u00f1os, el tiempo de respuesta de Coopelectric y su situaci\u00f3n financiera.<\/p>\n<p><!--more--><\/p>\n<hr \/>\n<p><strong>Coopelectric recibir\u00e1 86,8 millones de pesos<\/strong> de fondos provinciales para <strong>afrontar gastos de reparaci\u00f3n del servicio el\u00e9ctrico<\/strong> derivados de las <a href=\"https:\/\/cdnoticias.com\/index.php\/2023\/12\/15\/entre-el-martes-y-el-jueves-bomberos-atendio-casi-280-servicios\/\" target=\"_blank\" rel=\"noopener\">graves consecuencias de los <strong>temporales<\/strong><\/a><strong> que en diciembre <a href=\"https:\/\/cdnoticias.com\/index.php\/2023\/12\/13\/temporal-en-olavarria-el-viento-llego-hasta-125-km-h\/\" target=\"_blank\" rel=\"noopener\">afectaron al municipio de Olavarr\u00eda<\/a><\/strong>.<\/p>\n<p>La <strong>cooperativa elev\u00f3 un pedido al Oceba<\/strong> (Organismo de Control de Electricidad de la provincia de Buenos Aires) que<strong> fue aceptado<\/strong>.<\/p>\n<blockquote><p>Mediante la resoluci\u00f3n 35\/24, el organismo aprob\u00f3 la asignaci\u00f3n del \u201cFondo de Reserva para Situaciones Cr\u00edticas\u201d para Coopelectric por 86.816.931,31 de pesos.<\/p><\/blockquote>\n<h3>Impacto del temporal<\/h3>\n<p>La resoluci\u00f3n de Oceba se emiti\u00f3 el 23 de enero, aunque se hizo p\u00fablica en las \u00faltimas horas. Lleva las firmas del presidente Roberto Emir Daoud y los vocales.<\/p>\n<p><img data-recalc-dims=\"1\" loading=\"lazy\" decoding=\"async\" class=\"size-large wp-image-104341 aligncenter\" src=\"https:\/\/i0.wp.com\/cdnoticias.com\/wp-content\/uploads\/2023\/12\/temporal-14-de-diciembre-00-coopelectric.jpg?resize=800%2C445&#038;ssl=1\" alt=\"\" width=\"800\" height=\"445\" srcset=\"https:\/\/i0.wp.com\/cdnoticias.com\/wp-content\/uploads\/2023\/12\/temporal-14-de-diciembre-00-coopelectric.jpg?resize=1024%2C570&amp;ssl=1 1024w, https:\/\/i0.wp.com\/cdnoticias.com\/wp-content\/uploads\/2023\/12\/temporal-14-de-diciembre-00-coopelectric.jpg?resize=300%2C167&amp;ssl=1 300w, https:\/\/i0.wp.com\/cdnoticias.com\/wp-content\/uploads\/2023\/12\/temporal-14-de-diciembre-00-coopelectric.jpg?resize=768%2C428&amp;ssl=1 768w, https:\/\/i0.wp.com\/cdnoticias.com\/wp-content\/uploads\/2023\/12\/temporal-14-de-diciembre-00-coopelectric.jpg?resize=800%2C445&amp;ssl=1 800w, https:\/\/i0.wp.com\/cdnoticias.com\/wp-content\/uploads\/2023\/12\/temporal-14-de-diciembre-00-coopelectric.jpg?w=1200&amp;ssl=1 1200w\" sizes=\"auto, (max-width: 800px) 100vw, 800px\" \/><\/p>\n<p>All\u00ed <strong>se fundamenta la decisi\u00f3n de otorgar los fondos<\/strong> para financiar las consecuencias del \u201cfen\u00f3meno meteorol\u00f3gico, que se abatiera sobre (Olavarr\u00eda) el d\u00eda 12 y 14 de diciembre de 2023 (\u2026) provocando da\u00f1os y la consecuente afectaci\u00f3n del servicio a los usuarios\u201d de Coopelectric. <strong>Se detallaron los problemas generados e<\/strong>n cuanto a los <strong>usuarios que quedaron sin suministro -96,5% del total-<\/strong> y la <strong>salida de funcionamiento de los alimentadores de 33 kilovatios<\/strong>. <strong>\u201cA las 48 horas de haberse registrado el primer evento meteorol\u00f3gico, hab\u00edan logrado restituir el 90% de los usuarios\u201d<\/strong> destac\u00f3 Oceba sobre la labor del personal de Coopelectric.<\/p>\n<p>Se tuvo en cuenta que \u201csi bien las velocidades de viento consignadas durante el temporal no superaron la velocidad de la norma, las caracter\u00edsticas de tormenta de gran intensidad provocaron severos da\u00f1os, de p\u00fablico conocimiento y seg\u00fan la <strong>auditor\u00eda realizada por este Organismo a la Cooperativa de Olavarr\u00eda<\/strong> a posteriori de ambos eventos da\u00f1osos, con fecha 18\/12\/2023\u201d.<\/p>\n<h2>El pedido de la cooperativa<\/h2>\n<p>En la normativa provincial se indica que las distribuidoras que solicitan el fondo de reserva <strong>deben presentar \u201cpresupuestos, facturas, contratos, gastos de mano de obra\u201d<\/strong> y m\u00e1s documentaci\u00f3n \u201cque respalden los desembolsos a efectuar o efectuados\u201d. Con ello, la Gerencia de Control de Concesiones de <strong>Oceba aval\u00f3 el pedido de Coopelectric<\/strong>.<\/p>\n<blockquote><p>Destac\u00f3 que \u201csi bien dichos rubros integran los costos propios y\/o espec\u00edficos que hacen al mantenimiento de las redes el\u00e9ctricas, las necesidades aqu\u00ed planteadas y las causas invocadas para su procedencia, resultan razonables y guardan relaci\u00f3n con la magnitud del fen\u00f3meno meteorol\u00f3gico acaecido y <a href=\"https:\/\/cdnoticias.com\/index.php\/2024\/01\/02\/coopelectric-la-recuperacion-del-sistema-electrico-demandara-tiempo-e-inversion\/\" target=\"_blank\" rel=\"noopener\">los da\u00f1os ocasionados<\/a> por el mismo sobre las redes de distribuci\u00f3n de la concesionaria\u201d.<\/p><\/blockquote>\n<p><img data-recalc-dims=\"1\" loading=\"lazy\" decoding=\"async\" class=\"size-full wp-image-104589 aligncenter\" src=\"https:\/\/i0.wp.com\/cdnoticias.com\/wp-content\/uploads\/2023\/12\/poste-caido-coopelectric-tormenta-temporal.jpg?resize=800%2C445&#038;ssl=1\" alt=\"\" width=\"800\" height=\"445\" srcset=\"https:\/\/i0.wp.com\/cdnoticias.com\/wp-content\/uploads\/2023\/12\/poste-caido-coopelectric-tormenta-temporal.jpg?w=1000&amp;ssl=1 1000w, https:\/\/i0.wp.com\/cdnoticias.com\/wp-content\/uploads\/2023\/12\/poste-caido-coopelectric-tormenta-temporal.jpg?resize=300%2C167&amp;ssl=1 300w, https:\/\/i0.wp.com\/cdnoticias.com\/wp-content\/uploads\/2023\/12\/poste-caido-coopelectric-tormenta-temporal.jpg?resize=768%2C427&amp;ssl=1 768w, https:\/\/i0.wp.com\/cdnoticias.com\/wp-content\/uploads\/2023\/12\/poste-caido-coopelectric-tormenta-temporal.jpg?resize=800%2C445&amp;ssl=1 800w\" sizes=\"auto, (max-width: 800px) 100vw, 800px\" \/><\/p>\n<p>Asimismo, se tuvo en cuenta<strong> el balance financiero deficitario que present\u00f3 Coopelectric para el servicio de electricidad<\/strong> al 3 de junio de 2023.<\/p>\n<blockquote><p>En base a todos esos fundamentos, Oceba dictamin\u00f3 que \u201ccorresponde proceder al reconocimiento del costo de los materiales y equipos afines utilizados para normalizar el servicio p\u00fablico de electricidad\u201d a cargo de Coopelectric por 86,8 millones de pesos.<\/p><\/blockquote>\n<h2>Qu\u00e9 es el \u201cFondo de Reserva para Situaciones Cr\u00edticas\u201d<\/h2>\n<p>En 2017 <strong>el Ministerio de Infraestructura de la provincia de Buenos Aires cre\u00f3 una reserva dentro del Fondo Provincial de Compensaciones Tarifarias<\/strong> \u201ccon el <em>prop\u00f3sito de hacer frente a acontecimientos extraordinarios<\/em> que impidan total o parcialmente, u obstaculicen la prestaci\u00f3n del servicio el\u00e9ctrico e incidan en la econom\u00eda de los distribuidores municipales\u201d.<\/p>\n<p>Ese \u201cFondo de Reserva para Situaciones Cr\u00edticas\u201d tiene por destino <strong>\u201cfinanciar los costos que demande el restablecimiento del servicio el\u00e9ctrico ante la ocurrencia de acontecimientos de extrema gravedad, extensi\u00f3n y generalidad<\/strong> que provoquen un <strong>perjuicio excepcional<\/strong> sobre las redes de distribuci\u00f3n afectadas a la prestaci\u00f3n del servicio el\u00e9ctrico y en la econom\u00eda del Distribuidor\u201d. Se remarc\u00f3 que, con ello,<strong> \u201csu utilizaci\u00f3n es de car\u00e1cter excepcional\u201d<\/strong>.<\/p>\n<p><img data-recalc-dims=\"1\" loading=\"lazy\" decoding=\"async\" class=\"size-large wp-image-104275 aligncenter\" src=\"https:\/\/i0.wp.com\/cdnoticias.com\/wp-content\/uploads\/2023\/12\/coopelectric-reparacion-temporal-01.jpg?resize=800%2C445&#038;ssl=1\" alt=\"\" width=\"800\" height=\"445\" srcset=\"https:\/\/i0.wp.com\/cdnoticias.com\/wp-content\/uploads\/2023\/12\/coopelectric-reparacion-temporal-01.jpg?resize=1024%2C570&amp;ssl=1 1024w, https:\/\/i0.wp.com\/cdnoticias.com\/wp-content\/uploads\/2023\/12\/coopelectric-reparacion-temporal-01.jpg?resize=300%2C167&amp;ssl=1 300w, https:\/\/i0.wp.com\/cdnoticias.com\/wp-content\/uploads\/2023\/12\/coopelectric-reparacion-temporal-01.jpg?resize=768%2C428&amp;ssl=1 768w, https:\/\/i0.wp.com\/cdnoticias.com\/wp-content\/uploads\/2023\/12\/coopelectric-reparacion-temporal-01.jpg?resize=800%2C445&amp;ssl=1 800w, https:\/\/i0.wp.com\/cdnoticias.com\/wp-content\/uploads\/2023\/12\/coopelectric-reparacion-temporal-01.jpg?w=1200&amp;ssl=1 1200w\" sizes=\"auto, (max-width: 800px) 100vw, 800px\" \/><\/p>\n<p>Este recurso especial est\u00e1 constituido del <strong>8 % mensual de los aportes de los distribuidores al Fondo Compensador<\/strong>. Se detall\u00f3 que <em>para diciembre de 2023, la reserva acumulada llegaba a 419.707.540,97 de pesos<\/em>.<\/p>\n<p>El Oceba es el encargado de establecer el criterio de asignaci\u00f3n transitorio, \u201cconsistente en reconocer, hasta el monto disponible, el costo de los materiales y equipos afines (o porcentaje de ellos) necesarios para normalizar el servicio respectivo, con base en lo informado por los concesionarios y validado por las Gerencias del Organismo con incumbencia en la materia\u201d.<\/p>\n<blockquote class=\"wp-embedded-content\" data-secret=\"f5kzkABBMq\"><p><a href=\"https:\/\/cdnoticias.com\/index.php\/2023\/12\/13\/temporal-en-olavarria-el-viento-llego-hasta-125-km-h\/\">Temporal en Olavarr\u00eda: el viento lleg\u00f3 hasta 125 km\/h<\/a><\/p><\/blockquote>\n<p><iframe loading=\"lazy\" class=\"wp-embedded-content\" sandbox=\"allow-scripts\" security=\"restricted\" style=\"position: absolute; clip: rect(1px, 1px, 1px, 1px);\" title=\"&#8220;Temporal en Olavarr\u00eda: el viento lleg\u00f3 hasta 125 km\/h&#8221; &#8212; Central de Noticias | Olavarr\u00eda\" src=\"https:\/\/cdnoticias.com\/index.php\/2023\/12\/13\/temporal-en-olavarria-el-viento-llego-hasta-125-km-h\/embed\/#?secret=dwZDK3wsGP#?secret=f5kzkABBMq\" data-secret=\"f5kzkABBMq\" width=\"600\" height=\"338\" frameborder=\"0\" marginwidth=\"0\" marginheight=\"0\" scrolling=\"no\"><\/iframe><\/p>\n","protected":false},"excerpt":{"rendered":"<p>Se trata del \u201cFondo de Reserva para Situaciones Cr\u00edticas\u201d que solicit\u00f3 la cooperativa para afrontar la reparaci\u00f3n del sistema. Se<\/p>\n","protected":false},"author":4,"featured_media":453,"comment_status":"closed","ping_status":"closed","sticky":false,"template":"","format":"standard","meta":{"_jetpack_memberships_contains_paid_content":false,"footnotes":""},"categories":[5,1],"tags":[],"class_list":["post-109048","post","type-post","status-publish","format-standard","has-post-thumbnail","hentry","category-informacion-general","category-portada"],"jetpack_featured_media_url":"https:\/\/i0.wp.com\/cdnoticias.com\/wp-content\/uploads\/2020\/09\/DSC_8512.jpg?fit=4608%2C3072&ssl=1","jetpack_sharing_enabled":true,"_links":{"self":[{"href":"https:\/\/cdnoticias.com\/index.php\/wp-json\/wp\/v2\/posts\/109048","targetHints":{"allow":["GET"]}}],"collection":[{"href":"https:\/\/cdnoticias.com\/index.php\/wp-json\/wp\/v2\/posts"}],"about":[{"href":"https:\/\/cdnoticias.com\/index.php\/wp-json\/wp\/v2\/types\/post"}],"author":[{"embeddable":true,"href":"https:\/\/cdnoticias.com\/index.php\/wp-json\/wp\/v2\/users\/4"}],"replies":[{"embeddable":true,"href":"https:\/\/cdnoticias.com\/index.php\/wp-json\/wp\/v2\/comments?post=109048"}],"version-history":[{"count":0,"href":"https:\/\/cdnoticias.com\/index.php\/wp-json\/wp\/v2\/posts\/109048\/revisions"}],"wp:featuredmedia":[{"embeddable":true,"href":"https:\/\/cdnoticias.com\/index.php\/wp-json\/wp\/v2\/media\/453"}],"wp:attachment":[{"href":"https:\/\/cdnoticias.com\/index.php\/wp-json\/wp\/v2\/media?parent=109048"}],"wp:term":[{"taxonomy":"category","embeddable":true,"href":"https:\/\/cdnoticias.com\/index.php\/wp-json\/wp\/v2\/categories?post=109048"},{"taxonomy":"post_tag","embeddable":true,"href":"https:\/\/cdnoticias.com\/index.php\/wp-json\/wp\/v2\/tags?post=109048"}],"curies":[{"name":"wp","href":"https:\/\/api.w.org\/{rel}","templated":true}]}}