{"id":109026,"date":"2024-02-19T12:10:56","date_gmt":"2024-02-19T15:10:56","guid":{"rendered":"https:\/\/cdnoticias.com\/?p=109026"},"modified":"2024-02-19T12:10:58","modified_gmt":"2024-02-19T15:10:58","slug":"tribuna-docente-llaman-a-no-iniciar-las-clases-y-realizar-paros-progresivos","status":"publish","type":"post","link":"https:\/\/cdnoticias.com\/index.php\/2024\/02\/19\/tribuna-docente-llaman-a-no-iniciar-las-clases-y-realizar-paros-progresivos\/","title":{"rendered":"Tribuna Docente: llaman a no iniciar las clases y realizar paros progresivos"},"content":{"rendered":"<p>Las medidas se plantearon en el marco del congreso nacional del gremio. Participaron m\u00e1s de 500 delegadas y delegados. Piden que Ctera convoque a asambleas y plenarios.<!--more--><\/p>\n<hr \/>\n<p>Los d\u00edas 17 y 18 de febrero sesion\u00f3 el <strong>congreso nacional de Tribuna Docente,<\/strong> con la participaci\u00f3n de m\u00e1s de 500 delegadas y delegados, representantes de 16 jurisdicciones del pa\u00eds.<\/p>\n<p>La primera conclusi\u00f3n del congreso fue caracterizar la actual ofensiva y los recortes de fondos contra la educaci\u00f3n del gobierno de Milei como <strong>\u201cel ataque m\u00e1s letal contra la educaci\u00f3n p\u00fablica de los \u00faltimos 40 a\u00f1os\u201d.<\/strong><\/p>\n<p>Enumeraron<strong> \u201creducci\u00f3n presupuestaria de m\u00e1s de 15%, esencialidad educativa, presentismos docentes esclavistas, ataque a la Educaci\u00f3n Sexual Integral, etc\u201d<\/strong> y consideraron que \u201cla avanzada de Milei se suma al deterioro educativo permanente de todos los gobiernos radicales peronistas y macristas que lo antecedieron\u201d.<\/p>\n<p>Hicieron hincapi\u00e9 en \u201cla <strong>eliminaci\u00f3n de partidas nacionales como el FONID, el Fondo Compensador Salarial, el corte de las partidas destinadas a los comedores escolares<\/strong> (que se suma a la misma actitud con los comedores populares) constituye de parte del gobierno nacional un ataque a todos los sectores involucrados con la educaci\u00f3n: docentes, alumnas y alumnos, y familias\u201d.<\/p>\n<p>El congreso de Tribuna Docente denunci\u00f3 tambi\u00e9n <strong>\u201cla pasividad y colaboraci\u00f3n de la direcci\u00f3n de Ctera, y de todos los sindicatos nacionales de la CGT y de las CTAS, que vienen dejando pasar esta ofensiva feroz sin acci\u00f3n alguna de lucha\u201d.<\/strong><\/p>\n<blockquote><p>De esta forma reclamaron a Ctera \u201cla convocatoria inmediata a asambleas y plenarios de delegados con mandato para resolver no iniciar el actual ciclo lectivo, y darle continuidad a esta lucha con paros progresivos hasta derrotar el ajustazo de Milei y de todos los gobernadores\u201d.<\/p><\/blockquote>\n<p>Por \u00faltimo, recordaron la presentaci\u00f3n de parte de Romina Del Pl\u00e1, dirigente docente de La Matanza y diputada nacional del Frente de Izquierda, \u201cde un proyecto de restituci\u00f3n de los fondos nacionales que Milei est\u00e1 obligado a respetar por ley y de todos los \u00edtems recortados, que aplican a los salarios, en blanco y con un piso salarial nacional que parta de superar la l\u00ednea de pobreza, que significa una lucha que se desenvolver\u00e1 en el parlamento, en las aulas y en las calles, junto al conjunto de los docentes, estudiantes y comunidad educativa en lucha\u201d.<\/p>\n","protected":false},"excerpt":{"rendered":"<p>Las medidas se plantearon en el marco del congreso nacional del gremio. Participaron m\u00e1s de 500 delegadas y delegados. Piden<\/p>\n","protected":false},"author":2,"featured_media":109027,"comment_status":"closed","ping_status":"closed","sticky":false,"template":"","format":"standard","meta":{"_jetpack_memberships_contains_paid_content":false,"footnotes":""},"categories":[6,1],"tags":[],"class_list":["post-109026","post","type-post","status-publish","format-standard","has-post-thumbnail","hentry","category-nacionales","category-portada"],"jetpack_featured_media_url":"https:\/\/i0.wp.com\/cdnoticias.com\/wp-content\/uploads\/2024\/02\/tribuna-docente-congreso.jpg?fit=800%2C445&ssl=1","jetpack_sharing_enabled":true,"_links":{"self":[{"href":"https:\/\/cdnoticias.com\/index.php\/wp-json\/wp\/v2\/posts\/109026","targetHints":{"allow":["GET"]}}],"collection":[{"href":"https:\/\/cdnoticias.com\/index.php\/wp-json\/wp\/v2\/posts"}],"about":[{"href":"https:\/\/cdnoticias.com\/index.php\/wp-json\/wp\/v2\/types\/post"}],"author":[{"embeddable":true,"href":"https:\/\/cdnoticias.com\/index.php\/wp-json\/wp\/v2\/users\/2"}],"replies":[{"embeddable":true,"href":"https:\/\/cdnoticias.com\/index.php\/wp-json\/wp\/v2\/comments?post=109026"}],"version-history":[{"count":0,"href":"https:\/\/cdnoticias.com\/index.php\/wp-json\/wp\/v2\/posts\/109026\/revisions"}],"wp:featuredmedia":[{"embeddable":true,"href":"https:\/\/cdnoticias.com\/index.php\/wp-json\/wp\/v2\/media\/109027"}],"wp:attachment":[{"href":"https:\/\/cdnoticias.com\/index.php\/wp-json\/wp\/v2\/media?parent=109026"}],"wp:term":[{"taxonomy":"category","embeddable":true,"href":"https:\/\/cdnoticias.com\/index.php\/wp-json\/wp\/v2\/categories?post=109026"},{"taxonomy":"post_tag","embeddable":true,"href":"https:\/\/cdnoticias.com\/index.php\/wp-json\/wp\/v2\/tags?post=109026"}],"curies":[{"name":"wp","href":"https:\/\/api.w.org\/{rel}","templated":true}]}}