{"id":10891,"date":"2021-01-07T20:35:41","date_gmt":"2021-01-07T23:35:41","guid":{"rendered":"http:\/\/www.centraldenoticias.com.ar\/?p=10891"},"modified":"2021-01-07T22:07:06","modified_gmt":"2021-01-08T01:07:06","slug":"vacunas-culminaron-las-pericias-al-freezer-y-las-camaras-seran-analizadas-en-mar-del-plata","status":"publish","type":"post","link":"https:\/\/cdnoticias.com\/index.php\/2021\/01\/07\/vacunas-culminaron-las-pericias-al-freezer-y-las-camaras-seran-analizadas-en-mar-del-plata\/","title":{"rendered":"Vacunas: Culminaron las pericias al freezer y las c\u00e1maras ser\u00e1n analizadas en Mar del Plata"},"content":{"rendered":"<p>La \u201cevidencia digital\u201d ser\u00e1 remitida a especialistas en comunicaciones de la polic\u00eda Federal. Este jueves culminaron tambi\u00e9n los relevamientos y pesquisas sobre el Hospital de Oncolog\u00eda. <strong>Todos los detalles<\/strong>.<!--more--><\/p>\n<hr \/>\n<p>La investigaci\u00f3n que pretende dilucidar<a href=\"https:\/\/cdnoticias.com\/index.php\/2021\/01\/04\/por-la-perdida-de-la-cadena-de-frio-debieron-tirar-todas-las-vacunas-contra-el-coronavirus\/\" target=\"_blank\" rel=\"noopener\"> qu\u00e9 sucedi\u00f3 con las dosis de las vacunas Sputnik V que se encontraban en el Hospital de Oncolog\u00eda<\/a> sigue su avanzando y, en ese sendero, en las \u00faltimas horas se produjeron importantes novedades.<strong> \u201cEstamos en etapa de absoluta recolecci\u00f3n de prueba\u201d<\/strong>, narr\u00f3 a <em><strong>Central de Noticias<\/strong><\/em> la fiscal de la causa, Viviana Beyt\u00eda, quien en persona supervis\u00f3 y encabez\u00f3 las pesquisas que desde primera hora de la ma\u00f1ana de este jueves tuvieron como escenario el centro asistencial ubicado sobre uno de los laterales del hospital de Pediatr\u00eda.<\/p>\n<p>&nbsp;<\/p>\n<p><img data-recalc-dims=\"1\" loading=\"lazy\" decoding=\"async\" class=\"alignnone size-large wp-image-10653\" src=\"https:\/\/i0.wp.com\/cdnoticias.com\/wp-content\/uploads\/2021\/01\/WhatsApp-Image-2021-01-05-at-10.36.00.jpeg?resize=800%2C450&#038;ssl=1\" alt=\"\" width=\"800\" height=\"450\" srcset=\"https:\/\/i0.wp.com\/cdnoticias.com\/wp-content\/uploads\/2021\/01\/WhatsApp-Image-2021-01-05-at-10.36.00.jpeg?resize=1024%2C576&amp;ssl=1 1024w, https:\/\/i0.wp.com\/cdnoticias.com\/wp-content\/uploads\/2021\/01\/WhatsApp-Image-2021-01-05-at-10.36.00.jpeg?resize=300%2C169&amp;ssl=1 300w, https:\/\/i0.wp.com\/cdnoticias.com\/wp-content\/uploads\/2021\/01\/WhatsApp-Image-2021-01-05-at-10.36.00.jpeg?resize=768%2C432&amp;ssl=1 768w, https:\/\/i0.wp.com\/cdnoticias.com\/wp-content\/uploads\/2021\/01\/WhatsApp-Image-2021-01-05-at-10.36.00.jpeg?w=1280&amp;ssl=1 1280w\" sizes=\"auto, (max-width: 800px) 100vw, 800px\" \/><\/p>\n<p>&nbsp;<\/p>\n<p>Uno de los datos relevantes que logr\u00f3 conocer este portal es que las tareas en ese sitio contaron con el aporte de investigadores que arribaron desde distintos puntos de la provincia de Buenos Aires. Se trat\u00f3, por un lado, de<strong> especialistas inform\u00e1ticos del \u00e1rea de Tecnolog\u00eda y Comunicaciones de la polic\u00eda Federal, quienes arribaron provenientes de Mar del Plata.<\/strong><\/p>\n<p>&nbsp;<\/p>\n<p>Se los convoc\u00f3, por un lado, para llevar adelante pericias y relevamientos vinculados con el circuito de c\u00e1maras de seguridad y, por el otro, para el<strong> recogimiento y secuestro del soporte donde se encuentran almacenada las grabaciones de las c\u00e1maras de seguridad ubicadas tanto en el internos como en el exterior del centro asistencial<\/strong>.<\/p>\n<p>&nbsp;<\/p>\n<p><img data-recalc-dims=\"1\" loading=\"lazy\" decoding=\"async\" class=\"alignnone size-large wp-image-10651\" src=\"https:\/\/i0.wp.com\/cdnoticias.com\/wp-content\/uploads\/2021\/01\/WhatsApp-Image-2021-01-05-at-10.27.23.jpeg?resize=800%2C600&#038;ssl=1\" alt=\"\" width=\"800\" height=\"600\" srcset=\"https:\/\/i0.wp.com\/cdnoticias.com\/wp-content\/uploads\/2021\/01\/WhatsApp-Image-2021-01-05-at-10.27.23.jpeg?resize=1024%2C768&amp;ssl=1 1024w, https:\/\/i0.wp.com\/cdnoticias.com\/wp-content\/uploads\/2021\/01\/WhatsApp-Image-2021-01-05-at-10.27.23.jpeg?resize=300%2C225&amp;ssl=1 300w, https:\/\/i0.wp.com\/cdnoticias.com\/wp-content\/uploads\/2021\/01\/WhatsApp-Image-2021-01-05-at-10.27.23.jpeg?resize=768%2C576&amp;ssl=1 768w, https:\/\/i0.wp.com\/cdnoticias.com\/wp-content\/uploads\/2021\/01\/WhatsApp-Image-2021-01-05-at-10.27.23.jpeg?w=1152&amp;ssl=1 1152w\" sizes=\"auto, (max-width: 800px) 100vw, 800px\" \/><\/p>\n<p>&nbsp;<\/p>\n<p>Se explic\u00f3 que la Justicia ya contaba con un registro que se encuentra \u201cen un disco externo y con cadena de custodia\u201d. Al respecto se narr\u00f3 que esa evidencia comprende de \u201cim\u00e1genes de urgencia que hab\u00edan sido requeridas al inicio de la instrucci\u00f3n\u201d. Lo concreto es que<strong> la totalidad de archivos y registros, la \u201cevidencia digital\u201d, seg\u00fan se la defini\u00f3, ser\u00e1n remitidos a la ciudad balnearia para su cotejo y estudio.<\/strong><\/p>\n<p>&nbsp;<\/p>\n<p>Asimismo, los <strong>ingenieros electromec\u00e1nicos designados desde la Facultad local<\/strong>, dependiente de la Universidad Nacional del Centro, tambi\u00e9n fueron parte de las tareas realizadas este jueves en el Hospital de Oncolog\u00eda. Su intervenci\u00f3n fue <strong>el estudio y an\u00e1lisis tanto de la instalaci\u00f3n el\u00e9ctrica como de equipos de fr\u00edo<\/strong>. Al consultar sobre el plural de esa menci\u00f3n se detall\u00f3 que tambi\u00e9n se hizo un relevamiento sobre un segundo freezer que se encuentra tambi\u00e9n en el interior del lugar.<\/p>\n<p>&nbsp;<\/p>\n<p><img data-recalc-dims=\"1\" loading=\"lazy\" decoding=\"async\" class=\"alignnone size-large wp-image-10109\" src=\"https:\/\/i0.wp.com\/cdnoticias.com\/wp-content\/uploads\/2020\/12\/vacuna-covid.jpg?resize=800%2C600&#038;ssl=1\" alt=\"\" width=\"800\" height=\"600\" srcset=\"https:\/\/i0.wp.com\/cdnoticias.com\/wp-content\/uploads\/2020\/12\/vacuna-covid.jpg?resize=1024%2C768&amp;ssl=1 1024w, https:\/\/i0.wp.com\/cdnoticias.com\/wp-content\/uploads\/2020\/12\/vacuna-covid.jpg?resize=300%2C225&amp;ssl=1 300w, https:\/\/i0.wp.com\/cdnoticias.com\/wp-content\/uploads\/2020\/12\/vacuna-covid.jpg?resize=768%2C576&amp;ssl=1 768w, https:\/\/i0.wp.com\/cdnoticias.com\/wp-content\/uploads\/2020\/12\/vacuna-covid.jpg?w=2048&amp;ssl=1 2048w, https:\/\/i0.wp.com\/cdnoticias.com\/wp-content\/uploads\/2020\/12\/vacuna-covid.jpg?w=1600&amp;ssl=1 1600w\" sizes=\"auto, (max-width: 800px) 100vw, 800px\" \/><\/p>\n<p>&nbsp;<\/p>\n<p>El dato importante es que ya fue peritado el que conten\u00eda las dosis, por lo que ahora se aguarda por conocer las conclusiones del informe que en los pr\u00f3ximos d\u00edas ser\u00e1 remitido a la mesa de trabajo de la fiscal\u00eda 10. <strong>\u201cEst\u00e1 preservado con las vacunas adentro, a disposici\u00f3n del Ministerio P\u00fablico Fiscal\u201d<\/strong>, se subray\u00f3 a medida que se daba cuenta que, en principio, ya estar\u00edan culminadas las tareas sobre ese equipo de fr\u00edo. No obstante, no se descarta que con el avanzar de la investigaci\u00f3n pueda ser sometido a nuevas medidas de prueba.<\/p>\n<p>&nbsp;<\/p>\n<p>Personal policial, tanto del \u00e1rea de investigaciones como de seguridad e inclusive Cient\u00edfica tambi\u00e9n fueron parte de las pesquisas de este jueves, al igual que funcionarios y parte del equipo de trabajo de la fiscal\u00eda liderada por la doctora Viviana Beyt\u00eda. Inclusive, tambi\u00e9n se cont\u00f3 con el aporte de <strong>investigadores del \u00e1rea de cibercrimen del Ministerio de Seguridad, quienes arribaron provenientes de La Plata. \u201cQueremos contar con la intervenci\u00f3n de profesionales de distintas \u00e1reas del Estado\u201d, se explic\u00f3.<\/strong><\/p>\n<p>&nbsp;<\/p>\n<p><img data-recalc-dims=\"1\" loading=\"lazy\" decoding=\"async\" class=\"alignnone size-large wp-image-1880\" src=\"https:\/\/i0.wp.com\/cdnoticias.com\/wp-content\/uploads\/2020\/09\/WhatsApp-Image-2020-08-31-at-16.11.41-2.jpeg?resize=800%2C600&#038;ssl=1\" alt=\"\" width=\"800\" height=\"600\" srcset=\"https:\/\/i0.wp.com\/cdnoticias.com\/wp-content\/uploads\/2020\/09\/WhatsApp-Image-2020-08-31-at-16.11.41-2.jpeg?resize=1024%2C768&amp;ssl=1 1024w, https:\/\/i0.wp.com\/cdnoticias.com\/wp-content\/uploads\/2020\/09\/WhatsApp-Image-2020-08-31-at-16.11.41-2.jpeg?resize=300%2C225&amp;ssl=1 300w, https:\/\/i0.wp.com\/cdnoticias.com\/wp-content\/uploads\/2020\/09\/WhatsApp-Image-2020-08-31-at-16.11.41-2.jpeg?resize=768%2C576&amp;ssl=1 768w, https:\/\/i0.wp.com\/cdnoticias.com\/wp-content\/uploads\/2020\/09\/WhatsApp-Image-2020-08-31-at-16.11.41-2.jpeg?w=1280&amp;ssl=1 1280w\" sizes=\"auto, (max-width: 800px) 100vw, 800px\" \/><\/p>\n<p>&nbsp;<\/p>\n<p><strong>Fue tal el tenor de lo realizado en la jornada de este jueves que no s\u00f3lo se culminaron las tareas en torno al freezer, sino de la escena de los hechos en s\u00ed.<\/strong> \u201cSe recogieron todos los elementos que se necesitaban como evidencia\u201d, se agreg\u00f3 para referir luego que ahora se ingresa en la etapa de estudio y cotejo de lo recabado. No obstante, si de recolecci\u00f3n de prueba se refiere, vale mencionar que a\u00fan sigue su curso el ingreso de testimonios. <strong>Tras las declaraciones testimoniales del director de la Regi\u00f3n Sanitaria IX, Ramiro Borzi, y el encargado de las c\u00e1maras de seguridad, este jueves se sum\u00f3 un tercer testimonio e inclusive trascendi\u00f3 que personas que ya hab\u00edan declarado en la causa fueron convocadas para ampliar sus dichos.<\/strong><\/p>\n<p>&nbsp;<\/p>\n<p>Por \u00faltimo, vale mencionar que <strong>la causa a\u00fan permanece como \u201csu denuncia\u201d al todav\u00eda no haber podido, primero, acreditarse las conductas y responsabilidades y, segundo, si a las mismas les corresponde un reproche penal.<\/strong><\/p>\n","protected":false},"excerpt":{"rendered":"<p>La \u201cevidencia digital\u201d ser\u00e1 remitida a especialistas en comunicaciones de la polic\u00eda Federal. Este jueves culminaron tambi\u00e9n los relevamientos y<\/p>\n","protected":false},"author":3,"featured_media":1879,"comment_status":"closed","ping_status":"closed","sticky":false,"template":"","format":"standard","meta":{"_jetpack_memberships_contains_paid_content":false,"footnotes":""},"categories":[5,1],"tags":[],"class_list":["post-10891","post","type-post","status-publish","format-standard","has-post-thumbnail","hentry","category-informacion-general","category-portada"],"jetpack_featured_media_url":"https:\/\/i0.wp.com\/cdnoticias.com\/wp-content\/uploads\/2020\/09\/WhatsApp-Image-2020-08-31-at-16.11.41-1-e1622849986110.jpeg?fit=1241%2C713&ssl=1","jetpack_sharing_enabled":true,"_links":{"self":[{"href":"https:\/\/cdnoticias.com\/index.php\/wp-json\/wp\/v2\/posts\/10891","targetHints":{"allow":["GET"]}}],"collection":[{"href":"https:\/\/cdnoticias.com\/index.php\/wp-json\/wp\/v2\/posts"}],"about":[{"href":"https:\/\/cdnoticias.com\/index.php\/wp-json\/wp\/v2\/types\/post"}],"author":[{"embeddable":true,"href":"https:\/\/cdnoticias.com\/index.php\/wp-json\/wp\/v2\/users\/3"}],"replies":[{"embeddable":true,"href":"https:\/\/cdnoticias.com\/index.php\/wp-json\/wp\/v2\/comments?post=10891"}],"version-history":[{"count":0,"href":"https:\/\/cdnoticias.com\/index.php\/wp-json\/wp\/v2\/posts\/10891\/revisions"}],"wp:featuredmedia":[{"embeddable":true,"href":"https:\/\/cdnoticias.com\/index.php\/wp-json\/wp\/v2\/media\/1879"}],"wp:attachment":[{"href":"https:\/\/cdnoticias.com\/index.php\/wp-json\/wp\/v2\/media?parent=10891"}],"wp:term":[{"taxonomy":"category","embeddable":true,"href":"https:\/\/cdnoticias.com\/index.php\/wp-json\/wp\/v2\/categories?post=10891"},{"taxonomy":"post_tag","embeddable":true,"href":"https:\/\/cdnoticias.com\/index.php\/wp-json\/wp\/v2\/tags?post=10891"}],"curies":[{"name":"wp","href":"https:\/\/api.w.org\/{rel}","templated":true}]}}