{"id":108881,"date":"2024-02-18T11:30:30","date_gmt":"2024-02-18T14:30:30","guid":{"rendered":"https:\/\/cdnoticias.com\/?p=108881"},"modified":"2024-02-18T19:52:57","modified_gmt":"2024-02-18T22:52:57","slug":"un-hombre-fue-detenido-por-graves-hechos-de-violencia-de-genero","status":"publish","type":"post","link":"https:\/\/cdnoticias.com\/index.php\/2024\/02\/18\/un-hombre-fue-detenido-por-graves-hechos-de-violencia-de-genero\/","title":{"rendered":"Un hombre fue detenido por graves hechos de violencia de g\u00e9nero"},"content":{"rendered":"<p>Enfrenta una causa por amenazas y lesiones agravadas, privaci\u00f3n ilegal de la libertad, violaci\u00f3n de domicilio entre otros delitos. Interviene la fiscal\u00eda N\u00b0 5 especializada en violencia familiar y de g\u00e9nero.<!--more--><\/p>\n<hr \/>\n<p><strong>Un hombre de 31 a\u00f1os fue detenido<\/strong> durante la jornada del s\u00e1bado por personal de la comisar\u00eda Primera en conjunto con efectivos de la subcomisar\u00eda de Hinojo y personal de Motopolicias.<\/p>\n<p>Seg\u00fan se indic\u00f3, luego de realizar distintas averiguaciones, tareas de campo y custodia en inmediaciones de un domicilio ubicado en Pourtal\u00e9 y General Paz, se logr\u00f3 <strong>cumplir con la orden de detenci\u00f3n emitida por el Juzgado de Garant\u00edas N\u00b0 1 de Olavarr\u00eda.<\/strong><\/p>\n<blockquote><p>El hombre enfrenta una causa por \u201camenazas agravadas, lesiones agravadas, privaci\u00f3n ilegal de la libertad agravada, violaci\u00f3n de domicilio y coacci\u00f3n\u201d, tramitada ante la UFI N\u00b0 5 especializada en violencia familiar y de g\u00e9nero, a cargo de la doctora Mariela Viceconte.<\/p><\/blockquote>\n<p>El detenido fue alojado en primera instancia en la comisar\u00eda Primera a disposici\u00f3n del Juzgado interviniente.<\/p>\n","protected":false},"excerpt":{"rendered":"<p>Enfrenta una causa por amenazas y lesiones agravadas, privaci\u00f3n ilegal de la libertad, violaci\u00f3n de domicilio entre otros delitos. Interviene<\/p>\n","protected":false},"author":2,"featured_media":108882,"comment_status":"closed","ping_status":"closed","sticky":false,"template":"","format":"standard","meta":{"_jetpack_memberships_contains_paid_content":false,"footnotes":""},"categories":[14,1],"tags":[],"class_list":["post-108881","post","type-post","status-publish","format-standard","has-post-thumbnail","hentry","category-policiales","category-portada"],"jetpack_featured_media_url":"https:\/\/i0.wp.com\/cdnoticias.com\/wp-content\/uploads\/2024\/02\/detenido-pourtale-gralpaz.jpg?fit=800%2C440&ssl=1","jetpack_sharing_enabled":true,"_links":{"self":[{"href":"https:\/\/cdnoticias.com\/index.php\/wp-json\/wp\/v2\/posts\/108881","targetHints":{"allow":["GET"]}}],"collection":[{"href":"https:\/\/cdnoticias.com\/index.php\/wp-json\/wp\/v2\/posts"}],"about":[{"href":"https:\/\/cdnoticias.com\/index.php\/wp-json\/wp\/v2\/types\/post"}],"author":[{"embeddable":true,"href":"https:\/\/cdnoticias.com\/index.php\/wp-json\/wp\/v2\/users\/2"}],"replies":[{"embeddable":true,"href":"https:\/\/cdnoticias.com\/index.php\/wp-json\/wp\/v2\/comments?post=108881"}],"version-history":[{"count":0,"href":"https:\/\/cdnoticias.com\/index.php\/wp-json\/wp\/v2\/posts\/108881\/revisions"}],"wp:featuredmedia":[{"embeddable":true,"href":"https:\/\/cdnoticias.com\/index.php\/wp-json\/wp\/v2\/media\/108882"}],"wp:attachment":[{"href":"https:\/\/cdnoticias.com\/index.php\/wp-json\/wp\/v2\/media?parent=108881"}],"wp:term":[{"taxonomy":"category","embeddable":true,"href":"https:\/\/cdnoticias.com\/index.php\/wp-json\/wp\/v2\/categories?post=108881"},{"taxonomy":"post_tag","embeddable":true,"href":"https:\/\/cdnoticias.com\/index.php\/wp-json\/wp\/v2\/tags?post=108881"}],"curies":[{"name":"wp","href":"https:\/\/api.w.org\/{rel}","templated":true}]}}