{"id":108823,"date":"2024-02-17T13:20:34","date_gmt":"2024-02-17T16:20:34","guid":{"rendered":"https:\/\/cdnoticias.com\/?p=108823"},"modified":"2024-02-17T16:44:14","modified_gmt":"2024-02-17T19:44:14","slug":"barrio-12-de-octubre-sorprendieron-a-un-joven-intentando-robar-cables","status":"publish","type":"post","link":"https:\/\/cdnoticias.com\/index.php\/2024\/02\/17\/barrio-12-de-octubre-sorprendieron-a-un-joven-intentando-robar-cables\/","title":{"rendered":"Barrio 12 de Octubre: sorprendieron a un joven intentando robar cables"},"content":{"rendered":"\n<p>Fue aprehendido por personal de Protecci\u00f3n Ciudadana, que realizaba operativos en el lugar.<\/p>\n\n\n\n<hr class=\"wp-block-separator aligncenter has-alpha-channel-opacity\"\/>\n\n\n\n<p>En la madrugada de este s\u00e1bado, <strong>un joven de 31 a\u00f1os fue aprehendido por personal de Protecci\u00f3n Ciudadana tras ser sorprendido robando cables. Al requisar su mochila, ten\u00eda elementos de aislaci\u00f3n y corte.<\/strong><\/p>\n\n\n\n<p>Esto fue informado por autoridades policiales y la Subsecretar\u00eda de Protecci\u00f3n Ciudadana, a cargo de El\u00edas Quintas.<\/p>\n\n\n\n<p><strong>El hecho se concret\u00f3 en el barrio 12 de octubre en calle 19 entre Rep\u00fablica del L\u00edbano y Jos\u00e9 Luis Torres.<\/strong> Desde la Subsecretaria de Protecci\u00f3n Ciudadana en el marco de operativos preventivos de seguridad, se retuvo a la persona que estaba en situaci\u00f3n de robo y se dio aviso a las fuerzas policiales quienes finalmente concretaron la aprehensi\u00f3n.<br><br>El joven se encuentra a disposici\u00f3n de la justicia y se iniciaron actuaciones caratulada por <strong>robo agravado por escalamiento infraganti delito<\/strong>, con intervenci\u00f3n de la UFI NRO 4 a cargo de la Dra. Paula Serrano.<\/p>\n","protected":false},"excerpt":{"rendered":"<p>Fue aprehendido por personal de Protecci\u00f3n Ciudadana, que realizaba operativos en el lugar. En la madrugada de este s\u00e1bado, un<\/p>\n","protected":false},"author":2,"featured_media":108824,"comment_status":"closed","ping_status":"closed","sticky":false,"template":"","format":"standard","meta":{"_jetpack_memberships_contains_paid_content":false,"footnotes":""},"categories":[14,1],"tags":[],"class_list":["post-108823","post","type-post","status-publish","format-standard","has-post-thumbnail","hentry","category-policiales","category-portada"],"jetpack_featured_media_url":"https:\/\/i0.wp.com\/cdnoticias.com\/wp-content\/uploads\/2024\/02\/WhatsApp-Image-2024-02-17-at-12.36.05.jpeg?fit=1280%2C960&ssl=1","jetpack_sharing_enabled":true,"_links":{"self":[{"href":"https:\/\/cdnoticias.com\/index.php\/wp-json\/wp\/v2\/posts\/108823","targetHints":{"allow":["GET"]}}],"collection":[{"href":"https:\/\/cdnoticias.com\/index.php\/wp-json\/wp\/v2\/posts"}],"about":[{"href":"https:\/\/cdnoticias.com\/index.php\/wp-json\/wp\/v2\/types\/post"}],"author":[{"embeddable":true,"href":"https:\/\/cdnoticias.com\/index.php\/wp-json\/wp\/v2\/users\/2"}],"replies":[{"embeddable":true,"href":"https:\/\/cdnoticias.com\/index.php\/wp-json\/wp\/v2\/comments?post=108823"}],"version-history":[{"count":0,"href":"https:\/\/cdnoticias.com\/index.php\/wp-json\/wp\/v2\/posts\/108823\/revisions"}],"wp:featuredmedia":[{"embeddable":true,"href":"https:\/\/cdnoticias.com\/index.php\/wp-json\/wp\/v2\/media\/108824"}],"wp:attachment":[{"href":"https:\/\/cdnoticias.com\/index.php\/wp-json\/wp\/v2\/media?parent=108823"}],"wp:term":[{"taxonomy":"category","embeddable":true,"href":"https:\/\/cdnoticias.com\/index.php\/wp-json\/wp\/v2\/categories?post=108823"},{"taxonomy":"post_tag","embeddable":true,"href":"https:\/\/cdnoticias.com\/index.php\/wp-json\/wp\/v2\/tags?post=108823"}],"curies":[{"name":"wp","href":"https:\/\/api.w.org\/{rel}","templated":true}]}}