{"id":108794,"date":"2024-02-16T20:05:20","date_gmt":"2024-02-16T23:05:20","guid":{"rendered":"https:\/\/cdnoticias.com\/?p=108794"},"modified":"2024-02-17T08:23:03","modified_gmt":"2024-02-17T11:23:03","slug":"comenzo-la-segunda-edicion-de-atardecer-de-feria","status":"publish","type":"post","link":"https:\/\/cdnoticias.com\/index.php\/2024\/02\/16\/comenzo-la-segunda-edicion-de-atardecer-de-feria\/","title":{"rendered":"Segunda edici\u00f3n de &#8220;Atardecer de feria&#8221;"},"content":{"rendered":"\n<p>Participaron m\u00e1s de 90 feriantes con gran variedad de productos y servicios. Tambi\u00e9n tocar\u00e1n \u201cLos del Riel\u201d y Guille Quiroga junto a su banda.<\/p>\n\n\n\n<hr class=\"wp-block-separator aligncenter has-alpha-channel-opacity\"\/>\n\n\n\n<p>En la tarde de este viernes <strong>comenz\u00f3 la segunda edici\u00f3n de \u201cAtardecer de Feria\u201d en el Centro Cultural San Jos\u00e9<\/strong>. La propuesta se extender\u00e1 hasta las 00:00 horas.<\/p>\n\n\n\n<p><\/p>\n\n\n\n<figure class=\"wp-block-image aligncenter size-full\"><img data-recalc-dims=\"1\" loading=\"lazy\" decoding=\"async\" width=\"800\" height=\"445\" src=\"https:\/\/i0.wp.com\/cdnoticias.com\/wp-content\/uploads\/2024\/02\/atardecer-de-feria-segunda-edicion-13.jpg?resize=800%2C445&#038;ssl=1\" alt=\"\" class=\"wp-image-108807\" srcset=\"https:\/\/i0.wp.com\/cdnoticias.com\/wp-content\/uploads\/2024\/02\/atardecer-de-feria-segunda-edicion-13.jpg?w=1000&amp;ssl=1 1000w, https:\/\/i0.wp.com\/cdnoticias.com\/wp-content\/uploads\/2024\/02\/atardecer-de-feria-segunda-edicion-13.jpg?resize=300%2C167&amp;ssl=1 300w, https:\/\/i0.wp.com\/cdnoticias.com\/wp-content\/uploads\/2024\/02\/atardecer-de-feria-segunda-edicion-13.jpg?resize=768%2C427&amp;ssl=1 768w, https:\/\/i0.wp.com\/cdnoticias.com\/wp-content\/uploads\/2024\/02\/atardecer-de-feria-segunda-edicion-13.jpg?resize=800%2C445&amp;ssl=1 800w\" sizes=\"auto, (max-width: 800px) 100vw, 800px\" \/><\/figure>\n\n\n\n<p><\/p>\n\n\n\n<p><\/p>\n\n\n\n<figure class=\"wp-block-image aligncenter size-full\"><img data-recalc-dims=\"1\" loading=\"lazy\" decoding=\"async\" width=\"800\" height=\"445\" src=\"https:\/\/i0.wp.com\/cdnoticias.com\/wp-content\/uploads\/2024\/02\/atardecer-de-feria-segunda-edicion-5.jpg?resize=800%2C445&#038;ssl=1\" alt=\"\" class=\"wp-image-108799\" srcset=\"https:\/\/i0.wp.com\/cdnoticias.com\/wp-content\/uploads\/2024\/02\/atardecer-de-feria-segunda-edicion-5.jpg?w=1000&amp;ssl=1 1000w, https:\/\/i0.wp.com\/cdnoticias.com\/wp-content\/uploads\/2024\/02\/atardecer-de-feria-segunda-edicion-5.jpg?resize=300%2C167&amp;ssl=1 300w, https:\/\/i0.wp.com\/cdnoticias.com\/wp-content\/uploads\/2024\/02\/atardecer-de-feria-segunda-edicion-5.jpg?resize=768%2C427&amp;ssl=1 768w, https:\/\/i0.wp.com\/cdnoticias.com\/wp-content\/uploads\/2024\/02\/atardecer-de-feria-segunda-edicion-5.jpg?resize=800%2C445&amp;ssl=1 800w\" sizes=\"auto, (max-width: 800px) 100vw, 800px\" \/><\/figure>\n\n\n\n<p><\/p>\n\n\n\n<p>En esta ocasi\u00f3n, <strong>participaron m\u00e1s de 90 feriantes con gran variedad de productos y servicios<\/strong>. Tambi\u00e9n se cuenta con puestos de comida donde se pueden encontrar variedad de <strong>quesos, licuados, carne, cerveza artesanal de \u201cMonos Sabios\u201d<\/strong> entre otros.<\/p>\n\n\n\n<p><\/p>\n\n\n\n<figure class=\"wp-block-image size-full\"><img data-recalc-dims=\"1\" loading=\"lazy\" decoding=\"async\" width=\"800\" height=\"445\" src=\"https:\/\/i0.wp.com\/cdnoticias.com\/wp-content\/uploads\/2024\/02\/atardecer-de-feria-segunda-edicion-8.jpg?resize=800%2C445&#038;ssl=1\" alt=\"\" class=\"wp-image-108802\" srcset=\"https:\/\/i0.wp.com\/cdnoticias.com\/wp-content\/uploads\/2024\/02\/atardecer-de-feria-segunda-edicion-8.jpg?w=1000&amp;ssl=1 1000w, https:\/\/i0.wp.com\/cdnoticias.com\/wp-content\/uploads\/2024\/02\/atardecer-de-feria-segunda-edicion-8.jpg?resize=300%2C167&amp;ssl=1 300w, https:\/\/i0.wp.com\/cdnoticias.com\/wp-content\/uploads\/2024\/02\/atardecer-de-feria-segunda-edicion-8.jpg?resize=768%2C427&amp;ssl=1 768w, https:\/\/i0.wp.com\/cdnoticias.com\/wp-content\/uploads\/2024\/02\/atardecer-de-feria-segunda-edicion-8.jpg?resize=800%2C445&amp;ssl=1 800w\" sizes=\"auto, (max-width: 800px) 100vw, 800px\" \/><\/figure>\n\n\n\n<p><\/p>\n\n\n\n<p>Por \u00faltimo, en el escenario, se har\u00e1n presentes \u201c<strong>Los del Riel<\/strong>\u201d con su repertorio de folklore y se podr\u00e1 disfrutar de la cumbia de <strong>Guille Quiroga y Banda.<\/strong><\/p>\n\n\n\n<p><\/p>\n\n\n\n<figure class=\"wp-block-image size-full\"><img data-recalc-dims=\"1\" loading=\"lazy\" decoding=\"async\" width=\"800\" height=\"445\" src=\"https:\/\/i0.wp.com\/cdnoticias.com\/wp-content\/uploads\/2024\/02\/atardecer-de-feria-segunda-edicion-7.jpg?resize=800%2C445&#038;ssl=1\" alt=\"\" class=\"wp-image-108801\" srcset=\"https:\/\/i0.wp.com\/cdnoticias.com\/wp-content\/uploads\/2024\/02\/atardecer-de-feria-segunda-edicion-7.jpg?w=1000&amp;ssl=1 1000w, https:\/\/i0.wp.com\/cdnoticias.com\/wp-content\/uploads\/2024\/02\/atardecer-de-feria-segunda-edicion-7.jpg?resize=300%2C167&amp;ssl=1 300w, https:\/\/i0.wp.com\/cdnoticias.com\/wp-content\/uploads\/2024\/02\/atardecer-de-feria-segunda-edicion-7.jpg?resize=768%2C427&amp;ssl=1 768w, https:\/\/i0.wp.com\/cdnoticias.com\/wp-content\/uploads\/2024\/02\/atardecer-de-feria-segunda-edicion-7.jpg?resize=800%2C445&amp;ssl=1 800w\" sizes=\"auto, (max-width: 800px) 100vw, 800px\" \/><\/figure>\n\n\n\n<p><\/p>\n\n\n\n<figure class=\"wp-block-image aligncenter size-full\"><img data-recalc-dims=\"1\" loading=\"lazy\" decoding=\"async\" width=\"800\" height=\"445\" src=\"https:\/\/i0.wp.com\/cdnoticias.com\/wp-content\/uploads\/2024\/02\/atardecer-de-feria-segunda-edicion-4.jpg?resize=800%2C445&#038;ssl=1\" alt=\"\" class=\"wp-image-108798\" srcset=\"https:\/\/i0.wp.com\/cdnoticias.com\/wp-content\/uploads\/2024\/02\/atardecer-de-feria-segunda-edicion-4.jpg?w=1000&amp;ssl=1 1000w, https:\/\/i0.wp.com\/cdnoticias.com\/wp-content\/uploads\/2024\/02\/atardecer-de-feria-segunda-edicion-4.jpg?resize=300%2C167&amp;ssl=1 300w, https:\/\/i0.wp.com\/cdnoticias.com\/wp-content\/uploads\/2024\/02\/atardecer-de-feria-segunda-edicion-4.jpg?resize=768%2C427&amp;ssl=1 768w, https:\/\/i0.wp.com\/cdnoticias.com\/wp-content\/uploads\/2024\/02\/atardecer-de-feria-segunda-edicion-4.jpg?resize=800%2C445&amp;ssl=1 800w\" sizes=\"auto, (max-width: 800px) 100vw, 800px\" \/><\/figure>\n\n\n\n<p><\/p>\n\n\n\n<figure class=\"wp-block-image size-full\"><img data-recalc-dims=\"1\" loading=\"lazy\" decoding=\"async\" width=\"800\" height=\"445\" src=\"https:\/\/i0.wp.com\/cdnoticias.com\/wp-content\/uploads\/2024\/02\/atardecer-de-feria-segunda-edicion-6.jpg?resize=800%2C445&#038;ssl=1\" alt=\"\" class=\"wp-image-108800\" srcset=\"https:\/\/i0.wp.com\/cdnoticias.com\/wp-content\/uploads\/2024\/02\/atardecer-de-feria-segunda-edicion-6.jpg?w=1000&amp;ssl=1 1000w, https:\/\/i0.wp.com\/cdnoticias.com\/wp-content\/uploads\/2024\/02\/atardecer-de-feria-segunda-edicion-6.jpg?resize=300%2C167&amp;ssl=1 300w, https:\/\/i0.wp.com\/cdnoticias.com\/wp-content\/uploads\/2024\/02\/atardecer-de-feria-segunda-edicion-6.jpg?resize=768%2C427&amp;ssl=1 768w, https:\/\/i0.wp.com\/cdnoticias.com\/wp-content\/uploads\/2024\/02\/atardecer-de-feria-segunda-edicion-6.jpg?resize=800%2C445&amp;ssl=1 800w\" sizes=\"auto, (max-width: 800px) 100vw, 800px\" \/><\/figure>\n","protected":false},"excerpt":{"rendered":"<p>Participaron m\u00e1s de 90 feriantes con gran variedad de productos y servicios. Tambi\u00e9n tocar\u00e1n \u201cLos del Riel\u201d y Guille Quiroga<\/p>\n","protected":false},"author":6,"featured_media":108804,"comment_status":"closed","ping_status":"closed","sticky":false,"template":"","format":"standard","meta":{"_jetpack_memberships_contains_paid_content":false,"footnotes":""},"categories":[9,1],"tags":[],"class_list":["post-108794","post","type-post","status-publish","format-standard","has-post-thumbnail","hentry","category-cultura","category-portada"],"jetpack_featured_media_url":"https:\/\/i0.wp.com\/cdnoticias.com\/wp-content\/uploads\/2024\/02\/atardecer-de-feria-segunda-edicion-10.jpg?fit=1000%2C556&ssl=1","jetpack_sharing_enabled":true,"_links":{"self":[{"href":"https:\/\/cdnoticias.com\/index.php\/wp-json\/wp\/v2\/posts\/108794","targetHints":{"allow":["GET"]}}],"collection":[{"href":"https:\/\/cdnoticias.com\/index.php\/wp-json\/wp\/v2\/posts"}],"about":[{"href":"https:\/\/cdnoticias.com\/index.php\/wp-json\/wp\/v2\/types\/post"}],"author":[{"embeddable":true,"href":"https:\/\/cdnoticias.com\/index.php\/wp-json\/wp\/v2\/users\/6"}],"replies":[{"embeddable":true,"href":"https:\/\/cdnoticias.com\/index.php\/wp-json\/wp\/v2\/comments?post=108794"}],"version-history":[{"count":0,"href":"https:\/\/cdnoticias.com\/index.php\/wp-json\/wp\/v2\/posts\/108794\/revisions"}],"wp:featuredmedia":[{"embeddable":true,"href":"https:\/\/cdnoticias.com\/index.php\/wp-json\/wp\/v2\/media\/108804"}],"wp:attachment":[{"href":"https:\/\/cdnoticias.com\/index.php\/wp-json\/wp\/v2\/media?parent=108794"}],"wp:term":[{"taxonomy":"category","embeddable":true,"href":"https:\/\/cdnoticias.com\/index.php\/wp-json\/wp\/v2\/categories?post=108794"},{"taxonomy":"post_tag","embeddable":true,"href":"https:\/\/cdnoticias.com\/index.php\/wp-json\/wp\/v2\/tags?post=108794"}],"curies":[{"name":"wp","href":"https:\/\/api.w.org\/{rel}","templated":true}]}}