{"id":108783,"date":"2024-02-17T19:12:18","date_gmt":"2024-02-17T22:12:18","guid":{"rendered":"https:\/\/cdnoticias.com\/?p=108783"},"modified":"2024-02-17T19:12:21","modified_gmt":"2024-02-17T22:12:21","slug":"las-garrafas-aumentan-un-204-su-precio","status":"publish","type":"post","link":"https:\/\/cdnoticias.com\/index.php\/2024\/02\/17\/las-garrafas-aumentan-un-204-su-precio\/","title":{"rendered":"Las garrafas aumentan un 204% su precio"},"content":{"rendered":"\n<p>Rige para las garrafas de 10, 2 y 15 kilos. Cuanto costar\u00e1n a partir de este mes.<\/p>\n\n\n\n<hr class=\"wp-block-separator aligncenter has-alpha-channel-opacity\"\/>\n\n\n\n<p>Los <strong>precios m\u00e1ximos de referencia de las garrafas de 10, 12 y 15 kilos aumentaron un promedio del 204%<\/strong>, de acuerdo a una resoluci\u00f3n de la Secretar\u00eda de Energ\u00eda publicada en el Bolet\u00edn Oficial.<\/p>\n\n\n\n<p><\/p>\n\n\n\n<p>Los precios de las garrafas<strong> hab\u00edan aumentado en agosto<\/strong> y ahora vuelve a hacerlo, y de modo condicional, ya que en la resoluci\u00f3n 11\/24 de Energ\u00eda se advierte que regir\u00e1n \u201c<em>hasta tanto se adopten las medidas necesarias para alcanzar los objetivos del decreto 70 de fecha 20 de diciembre de 2023\u201d.<\/em><\/p>\n\n\n\n<p><\/p>\n\n\n\n<p>Se trata del megadecreto del presidente Javier Milei, que est\u00e1 vigente en el tramo de las medidas energ\u00e9ticas pese a las disposiciones judiciales que lo frenaron en otros \u00e1mbitos. All\u00ed se establece toda una nueva regulaci\u00f3n para el sector, que a\u00fan no se aplic\u00f3 en su totalidad.<\/p>\n\n\n\n<p><\/p>\n\n\n\n<p>El monto del subsidio por garrafa del Programa Hogar est\u00e1 fijado en $1778 promedio y var\u00edan seg\u00fan la zona del pa\u00eds: el valor de la garrafa social de 10 kilos, por ejemplo, es en Buenos Aires de $1539, en CABA de $1788, en C\u00f3rdoba de $1773, en Corrientes de $2107, en Entre R\u00edos de $1794, en Jujuy de $2051, en Mendoza de $1639.<\/p>\n\n\n\n<p><\/p>\n\n\n\n<blockquote class=\"wp-block-quote is-layout-flow wp-block-quote-is-layout-flow\">\n<p>Con el incremento dispuesto, los precios m\u00e1ximos de referencia para la venta al p\u00fablico de las garrafas pasaron a ser para la de 10 kilos de $4.752, un alza del 204,48%, para la de 12 kilos de $5.701, un aumento del 203,57% y para la de 15 kilos de $7.126, una suba del 204,40%.<\/p>\n<\/blockquote>\n\n\n\n<p><\/p>\n\n\n\n<p>En el caso de los <strong>fraccionadores,<\/strong> los precios pasaron a ser de $2.579 en la garrafa de 10 kilos, un ajuste del 204,48%, $3.090 en la de 12 kilos, un incremento del 204,13% y $3.866 en la de 15 kilos, un alza del 204,41%.<\/p>\n\n\n\n<p><\/p>\n\n\n\n<p>En cuanto a los<strong> distribuidores<\/strong>, los aumentos fueron de 204,44% para la garrafa de 10 kilos, que pas\u00f3 a costar $ 4.524, de 203,57% para la de 12 kilos, que ahora sale $5.429 y de 204,49% para la de 15 kilos, que est\u00e1 disponible a $6.787.<\/p>\n\n\n\n<p><\/p>\n\n\n\n<p>Mientas que tanto el <strong>precio del butano como el del propano <\/strong>ser\u00e1 de $137.838 por tonelada, lo que implica una suba del 153,95% y del 204,42%, respectivamente, en relaci\u00f3n a los valores determinados en agosto.<\/p>\n\n\n\n<p><\/p>\n\n\n\n<p><em>Fuente: DIB<\/em><\/p>\n","protected":false},"excerpt":{"rendered":"<p>Rige para las garrafas de 10, 2 y 15 kilos. Cuanto costar\u00e1n a partir de este mes. Los precios m\u00e1ximos<\/p>\n","protected":false},"author":6,"featured_media":86418,"comment_status":"closed","ping_status":"closed","sticky":false,"template":"","format":"standard","meta":{"_jetpack_memberships_contains_paid_content":false,"footnotes":""},"categories":[6,1],"tags":[],"class_list":["post-108783","post","type-post","status-publish","format-standard","has-post-thumbnail","hentry","category-nacionales","category-portada"],"jetpack_featured_media_url":"https:\/\/i0.wp.com\/cdnoticias.com\/wp-content\/uploads\/2023\/05\/DIB-Garrafas-696x392-1.jpg?fit=696%2C392&ssl=1","jetpack_sharing_enabled":true,"_links":{"self":[{"href":"https:\/\/cdnoticias.com\/index.php\/wp-json\/wp\/v2\/posts\/108783","targetHints":{"allow":["GET"]}}],"collection":[{"href":"https:\/\/cdnoticias.com\/index.php\/wp-json\/wp\/v2\/posts"}],"about":[{"href":"https:\/\/cdnoticias.com\/index.php\/wp-json\/wp\/v2\/types\/post"}],"author":[{"embeddable":true,"href":"https:\/\/cdnoticias.com\/index.php\/wp-json\/wp\/v2\/users\/6"}],"replies":[{"embeddable":true,"href":"https:\/\/cdnoticias.com\/index.php\/wp-json\/wp\/v2\/comments?post=108783"}],"version-history":[{"count":0,"href":"https:\/\/cdnoticias.com\/index.php\/wp-json\/wp\/v2\/posts\/108783\/revisions"}],"wp:featuredmedia":[{"embeddable":true,"href":"https:\/\/cdnoticias.com\/index.php\/wp-json\/wp\/v2\/media\/86418"}],"wp:attachment":[{"href":"https:\/\/cdnoticias.com\/index.php\/wp-json\/wp\/v2\/media?parent=108783"}],"wp:term":[{"taxonomy":"category","embeddable":true,"href":"https:\/\/cdnoticias.com\/index.php\/wp-json\/wp\/v2\/categories?post=108783"},{"taxonomy":"post_tag","embeddable":true,"href":"https:\/\/cdnoticias.com\/index.php\/wp-json\/wp\/v2\/tags?post=108783"}],"curies":[{"name":"wp","href":"https:\/\/api.w.org\/{rel}","templated":true}]}}