{"id":108782,"date":"2024-02-16T18:24:18","date_gmt":"2024-02-16T21:24:18","guid":{"rendered":"https:\/\/cdnoticias.com\/?p=108782"},"modified":"2024-02-16T20:04:14","modified_gmt":"2024-02-16T23:04:14","slug":"desestimaron-una-denuncia-por-abuso-sexual-en-la-escuela-juan-vucetich-y-apelaran-la-decision","status":"publish","type":"post","link":"https:\/\/cdnoticias.com\/index.php\/2024\/02\/16\/desestimaron-una-denuncia-por-abuso-sexual-en-la-escuela-juan-vucetich-y-apelaran-la-decision\/","title":{"rendered":"Desestimaron una denuncia por abuso sexual en la Escuela Juan Vucetich y apelar\u00e1n la decisi\u00f3n"},"content":{"rendered":"\n<p>Se\u00f1alaron que el fiscal Ignacio Calonje, a cargo de la causa, se bas\u00f3 en un \u201cperito de parte\u201d y no en el peritaje oficial para tomar esta determinaci\u00f3n. El imputado era responsable de la Escuela de Polic\u00edas. La apelaci\u00f3n deber\u00e1 resolverla el Fiscal General Marcelo Sobrino.<\/p>\n\n\n\n<hr class=\"wp-block-separator aligncenter has-alpha-channel-opacity\"\/>\n\n\n\n<p>En el mediod\u00eda de este viernes, se dio a conocer que<strong> la Unidad Funcional de Instrucci\u00f3n especializada en Violencia Institucional y Delitos Carcelarios a cargo del doctor Ignacio Calonje desestim\u00f3 una denuncia por abuso sexual donde quien fuera titular de la Escuela de Polic\u00eda Juan Vucetich, Ivan Rodr\u00edguez, era el principal acusado.<\/strong><\/p>\n\n\n\n<p><strong>El abogado de la v\u00edctima Jonatan Oliva y la agrupaci\u00f3n Animate convocaron a una conferencia de prensa para confirmar que apelar\u00e1n la decisi\u00f3n de Calonje ante Fiscal\u00eda General,<\/strong> que designe un fiscal especializado en violencia de g\u00e9nero y, adem\u00e1s, que el hecho llegue \u201ca un juicio oral como corresponde\u201d dada la \u201ccontundencia de la prueba\u201d.<\/p>\n\n\n\n<p>Cabe se\u00f1alar que, tras la denuncia hace dos a\u00f1os<strong>, Rodr\u00edguez fue apartado de la Escuela y desvinculado de la Polic\u00eda de la Provincia.<\/strong><\/p>\n\n\n\n<figure class=\"wp-block-embed is-type-wp-embed is-provider-central-de-noticias-olavarr-a wp-block-embed-central-de-noticias-olavarr-a\"><div class=\"wp-block-embed__wrapper\">\n<blockquote class=\"wp-embedded-content\" data-secret=\"OI1DSm9Uvf\"><a href=\"https:\/\/cdnoticias.com\/index.php\/2022\/06\/03\/una-cadete-denuncio-un-grave-caso-de-abuso-sexual-en-la-escuela-juan-vucetich\/\">Una cadete denunci\u00f3 un grave caso de abuso sexual en la escuela \u201cJuan Vucetich\u201d<\/a><\/blockquote><iframe loading=\"lazy\" class=\"wp-embedded-content\" sandbox=\"allow-scripts\" security=\"restricted\" style=\"position: absolute; clip: rect(1px, 1px, 1px, 1px);\" title=\"&#8220;Una cadete denunci\u00f3 un grave caso de abuso sexual en la escuela \u201cJuan Vucetich\u201d&#8221; &#8212; Central de Noticias | Olavarr\u00eda\" src=\"https:\/\/cdnoticias.com\/index.php\/2022\/06\/03\/una-cadete-denuncio-un-grave-caso-de-abuso-sexual-en-la-escuela-juan-vucetich\/embed\/#?secret=JUdvzkSuip#?secret=OI1DSm9Uvf\" data-secret=\"OI1DSm9Uvf\" width=\"600\" height=\"338\" frameborder=\"0\" marginwidth=\"0\" marginheight=\"0\" scrolling=\"no\"><\/iframe>\n<\/div><\/figure>\n\n\n\n<p>Oliva fue el primer orador de la conferencia y explic\u00f3 que la intenci\u00f3n fue \u201cdarle visibilidad a una causa que ha tenido cierta trascendencia ya desde hace unos a\u00f1os\u201d.<\/p>\n\n\n\n<p><em><strong>\u201cLa idea es tratar de obtener una respuesta por parte del Fiscal Departamental de C\u00e1mara respecto de una situaci\u00f3n que nos preocupa a los abogados representantes del derecho penal, pero tambi\u00e9n a instituciones como la de Liliana Cuenca, presidenta del Grupo Animate\u201d<\/strong><\/em> a\u00f1adi\u00f3.<\/p>\n\n\n\n<p>Catalog\u00f3 la decisi\u00f3n de una decisi\u00f3n de<strong> \u201cgravedad institucional\u201d <\/strong>y admiti\u00f3 que<em><strong> \u201ces la primera vez que me sucede que un Fiscal desestima una denuncia con tantos elementos de cargo, con prueba sumamente contundente, en una instancia en la que por los menos se deber\u00eda haber elevado a juicio respetando tratados de derecho internacional como la Convenci\u00f3n de Bel\u00e9m do Par\u00e1, leyes de \u00edndole nacional con jerarqu\u00eda constitucional y tambi\u00e9n leyes que protegen todo tipo de violencia contra la mujer\u201d.<\/strong><\/em><\/p>\n\n\n\n<figure class=\"wp-block-image size-large\"><img data-recalc-dims=\"1\" loading=\"lazy\" decoding=\"async\" width=\"800\" height=\"445\" src=\"https:\/\/i0.wp.com\/cdnoticias.com\/wp-content\/uploads\/2024\/02\/conferencia-animate-vucetich-olav3.jpg?resize=800%2C445&#038;ssl=1\" alt=\"\" class=\"wp-image-108787\" srcset=\"https:\/\/i0.wp.com\/cdnoticias.com\/wp-content\/uploads\/2024\/02\/conferencia-animate-vucetich-olav3-scaled.jpg?resize=1024%2C570&amp;ssl=1 1024w, https:\/\/i0.wp.com\/cdnoticias.com\/wp-content\/uploads\/2024\/02\/conferencia-animate-vucetich-olav3-scaled.jpg?resize=300%2C167&amp;ssl=1 300w, https:\/\/i0.wp.com\/cdnoticias.com\/wp-content\/uploads\/2024\/02\/conferencia-animate-vucetich-olav3-scaled.jpg?resize=768%2C427&amp;ssl=1 768w, https:\/\/i0.wp.com\/cdnoticias.com\/wp-content\/uploads\/2024\/02\/conferencia-animate-vucetich-olav3-scaled.jpg?resize=1536%2C855&amp;ssl=1 1536w, https:\/\/i0.wp.com\/cdnoticias.com\/wp-content\/uploads\/2024\/02\/conferencia-animate-vucetich-olav3-scaled.jpg?resize=2048%2C1140&amp;ssl=1 2048w, https:\/\/i0.wp.com\/cdnoticias.com\/wp-content\/uploads\/2024\/02\/conferencia-animate-vucetich-olav3-scaled.jpg?resize=800%2C445&amp;ssl=1 800w, https:\/\/i0.wp.com\/cdnoticias.com\/wp-content\/uploads\/2024\/02\/conferencia-animate-vucetich-olav3-scaled.jpg?w=1600&amp;ssl=1 1600w, https:\/\/i0.wp.com\/cdnoticias.com\/wp-content\/uploads\/2024\/02\/conferencia-animate-vucetich-olav3-scaled.jpg?w=2400&amp;ssl=1 2400w\" sizes=\"auto, (max-width: 800px) 100vw, 800px\" \/><\/figure>\n\n\n\n<p>El caso, de abuso sexual agravado en el marco de una instituci\u00f3n como la Escuela Vucetich <em><strong>\u201ces un tema sumamente grave y delicado. En mi experiencia como abogado, les repito, es la primera vez que me pasa en una causa en la que un fiscal desestima una denuncia teniendo prueba de cargo como, por ejemplo, pericia oficial a la v\u00edctima, pericia oficial al imputado de abuso, donde consta no s\u00f3lo la verosimilitud de los dichos de la v\u00edctima, sino indicios claramente suficientes para considerar que el imputado muestra signos de una persona compatible con los indicadores de un abuso sexual\u201d.<\/strong><\/em><\/p>\n\n\n\n<p>Adem\u00e1s, mencion\u00f3, <em><strong>\u201chay testigos, siempre en esta clase de delitos, que son testigos oblicuos, testigos de o\u00eddas, pero que dan plena fe de la angustia, el sufrimiento, el dolor que ha venido sintiendo la v\u00edctima. Y ante esa situaci\u00f3n el se\u00f1or agente fiscal, el doctor Calonje, sorprendentemente toma un dictamen que nadie lo esperaba, que es el desistimiento de la denuncia\u201d.<\/strong><\/em><\/p>\n\n\n\n<p>Seg\u00fan Oliva, el archivo de desistimiento de una denuncia implica<strong> \u201cque no va a seguir con la investigaci\u00f3n, pese a la prueba abundante del plexo probatorio que indicar\u00eda, por lo menos, darle la posibilidad a la v\u00edctima de tener un juicio oportuno, como lo establece en los tratados de derecho internacional\u201d.<\/strong><\/p>\n\n\n\n<p><strong>El principal punto est\u00e1, seg\u00fan el letrado, en las pericias<\/strong>:<em> \u201cuna pericia de parte, bien lo sabemos, implica pagarle a un perito para que le abra un informe. Obviamente que en la mayor\u00eda de los casos hay grandes diferencias entre la pericia de parte y la pericia oficial. Siempre guardando los intereses la pericia de parte en relaci\u00f3n a los intereses del imputado, justamente. Bueno, este caso no es la excepci\u00f3n. Ahora, <strong>lo que s\u00ed es excepcional es que el se\u00f1or agente fiscal, en este caso el doctor Calonje, valorice por encima de la pericia oficial, que es claramente contundente, a las pericias de parte<\/strong>\u201d.<\/em><\/p>\n\n\n\n<p>De esta forma, se le <em>\u201cneg\u00f3 la posibilidad a la v\u00edctima de tener un juicio oportuno. Ac\u00e1 no estamos hablando de absoluci\u00f3n o condena. Ac\u00e1 eso ya depende de jueces. Ac\u00e1 estamos hablando de darle la posibilidad ante un hecho grav\u00edsimo desde el punto de vista institucional, pero sobre todo desde el punto de vista, con perspectiva de g\u00e9nero, en este caso de una mujer que aspiraba a ser cadete en la escuela Vucetich, donde fue entre cuatro paredes, en un sector obviamente que llamaban privado, de este se\u00f1or, el imputado Iv\u00e1n Rodr\u00edguez\u201d.<\/em><\/p>\n\n\n\n<blockquote class=\"wp-block-quote is-layout-flow wp-block-quote-is-layout-flow\">\n<p>\u201cPor lo menos lo que nosotros estamos ac\u00e1 pidiendo es un juicio oportuno. Que esta causa se eleva a juicios como en la gran mayor\u00eda de los casos, incluso con menos pruebas de cargo. Ac\u00e1 hay pruebas de sobra. Nos sorprende la decisi\u00f3n del se\u00f1or agente fiscal porque avasalla contra tratados de derecho internacional, no s\u00f3lo contra la salud psicof\u00edsica de mi clienta sino justamente con tratados de derecho internacional colocando a no s\u00f3lo el Ministerio P\u00fablico Fiscal, sino al Poder Judicial en su generalidad, en un conflicto institucional. Nada m\u00e1s y nada menos. Por eso es tan grave la situaci\u00f3n\u201d.<\/p>\n<\/blockquote>\n\n\n\n<figure class=\"wp-block-image size-large\"><img data-recalc-dims=\"1\" loading=\"lazy\" decoding=\"async\" width=\"800\" height=\"445\" src=\"https:\/\/i0.wp.com\/cdnoticias.com\/wp-content\/uploads\/2024\/02\/conferencia-animate-vucetich-olav2.jpg?resize=800%2C445&#038;ssl=1\" alt=\"\" class=\"wp-image-108786\" srcset=\"https:\/\/i0.wp.com\/cdnoticias.com\/wp-content\/uploads\/2024\/02\/conferencia-animate-vucetich-olav2-scaled.jpg?resize=1024%2C570&amp;ssl=1 1024w, https:\/\/i0.wp.com\/cdnoticias.com\/wp-content\/uploads\/2024\/02\/conferencia-animate-vucetich-olav2-scaled.jpg?resize=300%2C167&amp;ssl=1 300w, https:\/\/i0.wp.com\/cdnoticias.com\/wp-content\/uploads\/2024\/02\/conferencia-animate-vucetich-olav2-scaled.jpg?resize=768%2C427&amp;ssl=1 768w, https:\/\/i0.wp.com\/cdnoticias.com\/wp-content\/uploads\/2024\/02\/conferencia-animate-vucetich-olav2-scaled.jpg?resize=1536%2C855&amp;ssl=1 1536w, https:\/\/i0.wp.com\/cdnoticias.com\/wp-content\/uploads\/2024\/02\/conferencia-animate-vucetich-olav2-scaled.jpg?resize=2048%2C1140&amp;ssl=1 2048w, https:\/\/i0.wp.com\/cdnoticias.com\/wp-content\/uploads\/2024\/02\/conferencia-animate-vucetich-olav2-scaled.jpg?resize=800%2C445&amp;ssl=1 800w, https:\/\/i0.wp.com\/cdnoticias.com\/wp-content\/uploads\/2024\/02\/conferencia-animate-vucetich-olav2-scaled.jpg?w=1600&amp;ssl=1 1600w, https:\/\/i0.wp.com\/cdnoticias.com\/wp-content\/uploads\/2024\/02\/conferencia-animate-vucetich-olav2-scaled.jpg?w=2400&amp;ssl=1 2400w\" sizes=\"auto, (max-width: 800px) 100vw, 800px\" \/><\/figure>\n\n\n\n<p><strong>Liliana Cuenca, referente de Animate, se\u00f1al\u00f3 y pidi\u00f3 \u201crepudiar\u201d al fiscal Calonje <\/strong><em>\u201cque supuestamente que si es un fiscal, le tiene que dar a la v\u00edctima tranquilidad, acompa\u00f1arla. En este caso, est\u00e1 haciendo todo lo contrario. \u00bfQu\u00e9 v\u00edctima puede llegar a tener alguna esperanza de que le toque este fiscal? Y bueno, tambi\u00e9n pedirle al fiscal Marcelo Sobrino que por favor revea la causa\u201d.<\/em><\/p>\n\n\n\n<p>Se\u00f1al\u00f3 la contundencia de la prueba dado que<em> \u201ceste se\u00f1or ten\u00eda a cargo a la v\u00edctima. En oportunidades sac\u00f3 el n\u00famero de tel\u00e9fono de una planilla para poder acceder y acercarse a la v\u00edctima. De ese modo se empez\u00f3 a tener contacto con ella, en la cual sucedieron los abusos sexuales dentro de una habitaci\u00f3n donde era privado. <strong>O sea, cuando hay un abuso sexual no hay gente, siempre es privado, es entre el denunciado y la v\u00edctima. Y ac\u00e1 Rodr\u00edguez Iv\u00e1n rompi\u00f3 con todo. \u00c9l no puede pedirle a una cadete un n\u00famero de tel\u00e9fono, no puede preguntarle por su vida privada como lo ha hecho con la v\u00edctima. Hay claramente, digamos, una asimetr\u00eda de poder\u201d<\/strong>.<\/em><\/p>\n\n\n\n<p>Lo que pidi\u00f3, con ello, es que<em> \u201ceste tipo de delitos se investiguen con perspectiva de g\u00e9nero, cosa que no se ve en este caso. <strong>Me resulta sorprendente que hay prueba tan elemental que refuerza los dichos de la v\u00edctima. Los mensajes de textos que el imputado ten\u00eda con la v\u00edctima, cosa que estaba vedado y prohibido en el marco de la Escuela Vucetich<\/strong>. Hay un testimonio del comisario inspector de la Escuela, donde precisamente interpreta al imputado dici\u00e9ndole que no tendr\u00eda que haber tenido ning\u00fan tipo de conversaci\u00f3n de forma privada con ninguna cadeta. En este caso, estamos hablando de la v\u00edctima\u201d.<\/em><\/p>\n\n\n\n<blockquote class=\"wp-block-quote is-layout-flow wp-block-quote-is-layout-flow\">\n<p>\u201cAc\u00e1 no venimos a dar un veredicto, pero por lo menos lo que estamos solicitando es que esto se lleve a juicio, que se diriman todas estas pruebas en un juicio como corresponde, cumplimentando con lo que establece en el Tratado de Derecho Internacional, tan sencillo como eso\u201d agreg\u00f3 Cuenca, con contundencia.<\/p>\n<\/blockquote>\n\n\n\n<p>Ante la consulta period\u00edstica, confirm\u00f3 que \u201cno hay un plazo predeterminado\u201d para la resoluci\u00f3n de la apelaci\u00f3n, pero \u201cesperemos que esto se resuelva pronto, porque est\u00e1 muy clara la cuesti\u00f3n\u201d.<\/p>\n\n\n\n<p class=\"has-large-font-size\">\u201cLa causa tuvo un buen trabajo\u201d<\/p>\n\n\n\n<figure class=\"wp-block-image size-large\"><img data-recalc-dims=\"1\" loading=\"lazy\" decoding=\"async\" width=\"800\" height=\"445\" src=\"https:\/\/i0.wp.com\/cdnoticias.com\/wp-content\/uploads\/2024\/02\/conferencia-animate-vucetich-olav.jpg?resize=800%2C445&#038;ssl=1\" alt=\"\" class=\"wp-image-108784\" srcset=\"https:\/\/i0.wp.com\/cdnoticias.com\/wp-content\/uploads\/2024\/02\/conferencia-animate-vucetich-olav-scaled.jpg?resize=1024%2C570&amp;ssl=1 1024w, https:\/\/i0.wp.com\/cdnoticias.com\/wp-content\/uploads\/2024\/02\/conferencia-animate-vucetich-olav-scaled.jpg?resize=300%2C167&amp;ssl=1 300w, https:\/\/i0.wp.com\/cdnoticias.com\/wp-content\/uploads\/2024\/02\/conferencia-animate-vucetich-olav-scaled.jpg?resize=768%2C427&amp;ssl=1 768w, https:\/\/i0.wp.com\/cdnoticias.com\/wp-content\/uploads\/2024\/02\/conferencia-animate-vucetich-olav-scaled.jpg?resize=1536%2C855&amp;ssl=1 1536w, https:\/\/i0.wp.com\/cdnoticias.com\/wp-content\/uploads\/2024\/02\/conferencia-animate-vucetich-olav-scaled.jpg?resize=2048%2C1140&amp;ssl=1 2048w, https:\/\/i0.wp.com\/cdnoticias.com\/wp-content\/uploads\/2024\/02\/conferencia-animate-vucetich-olav-scaled.jpg?resize=800%2C445&amp;ssl=1 800w, https:\/\/i0.wp.com\/cdnoticias.com\/wp-content\/uploads\/2024\/02\/conferencia-animate-vucetich-olav-scaled.jpg?w=1600&amp;ssl=1 1600w, https:\/\/i0.wp.com\/cdnoticias.com\/wp-content\/uploads\/2024\/02\/conferencia-animate-vucetich-olav-scaled.jpg?w=2400&amp;ssl=1 2400w\" sizes=\"auto, (max-width: 800px) 100vw, 800px\" \/><\/figure>\n\n\n\n<p>El doctor Oliva se\u00f1al\u00f3 que tras haber sido denunciado el hecho, <strong>la causa comenz\u00f3 a ser investigada en la Ayudant\u00eda Fiscal de Derecho contra la Integridad Sexual, a cargo del doctor Iturralde, \u201cque por lo que yo estuve mirando en la causa, hicieron un muy buen trabajo con un allanamiento al imputado, inmediatamente se lo apart\u00f3 del cargo, se estaba trabajando muy bien\u201d.<\/strong><\/p>\n\n\n\n<p>Por la cuesti\u00f3n de fuerza p\u00fablica, se decidi\u00f3 llevar a la competencia de delitos carcelarios, a cargo del doctor Calonje, <em><strong>\u201cy la realidad es que no sucedi\u00f3 dentro de una unidad penitenciaria. A m\u00ed me resulta un poco curioso que est\u00e9 a cargo el doctor Calonje por varias razones, pero sobre todo porque, evidentemente, el fiscal a cargo de esta causa, ahora a cargo, le falta perspectiva de g\u00e9nero\u201d.<\/strong><\/em><\/p>\n\n\n\n<p>Finalmente, los presentes acusaron directamente al doctor Calonje de que falle al \u201c<em>principio de objetividad y no tanto en relaci\u00f3n a la funci\u00f3n p\u00fablica y bien lo remarcaron ac\u00e1 de asimetr\u00eda entre el imputado y la v\u00edctima en el marco de la escuela Vucetich, sino por una cierta enemistad manifiesta con el padre de la v\u00edctima. Eso creo que ha influenciado en el veredicto, mejor dicho, en el dictamen del fiscal\u201d.<\/em><\/p>\n\n\n\n<p><em>\u201cJustamente el fiscal lo investiga al padre de la v\u00edctima por otra clase de delito y hay planteos justamente de recusar al fiscal y creo que tiene que ver esa rajadura que se tiene en el principio de objetividad,<strong> tiene que ver m\u00e1s con la enemistad que tiene con el padre de la v\u00edctima. Puede ser tambi\u00e9n, no me consta, pero puede ser que haya intereses extrapolados respecto de funcionarios que tienen cierta jerarqu\u00eda y cierta trayectoria en el marco de las denuncias. <\/strong>Puede ser, pero no me consta\u201d<\/em> cerraron.<\/p>\n","protected":false},"excerpt":{"rendered":"<p>Se\u00f1alaron que el fiscal Ignacio Calonje, a cargo de la causa, se bas\u00f3 en un \u201cperito de parte\u201d y no<\/p>\n","protected":false},"author":2,"featured_media":108788,"comment_status":"closed","ping_status":"closed","sticky":false,"template":"","format":"standard","meta":{"_jetpack_memberships_contains_paid_content":false,"footnotes":""},"categories":[14,1],"tags":[],"class_list":["post-108782","post","type-post","status-publish","format-standard","has-post-thumbnail","hentry","category-policiales","category-portada"],"jetpack_featured_media_url":"https:\/\/i0.wp.com\/cdnoticias.com\/wp-content\/uploads\/2024\/02\/conferencia-animate-vucetich-olav4-scaled.jpg?fit=2560%2C1424&ssl=1","jetpack_sharing_enabled":true,"_links":{"self":[{"href":"https:\/\/cdnoticias.com\/index.php\/wp-json\/wp\/v2\/posts\/108782","targetHints":{"allow":["GET"]}}],"collection":[{"href":"https:\/\/cdnoticias.com\/index.php\/wp-json\/wp\/v2\/posts"}],"about":[{"href":"https:\/\/cdnoticias.com\/index.php\/wp-json\/wp\/v2\/types\/post"}],"author":[{"embeddable":true,"href":"https:\/\/cdnoticias.com\/index.php\/wp-json\/wp\/v2\/users\/2"}],"replies":[{"embeddable":true,"href":"https:\/\/cdnoticias.com\/index.php\/wp-json\/wp\/v2\/comments?post=108782"}],"version-history":[{"count":0,"href":"https:\/\/cdnoticias.com\/index.php\/wp-json\/wp\/v2\/posts\/108782\/revisions"}],"wp:featuredmedia":[{"embeddable":true,"href":"https:\/\/cdnoticias.com\/index.php\/wp-json\/wp\/v2\/media\/108788"}],"wp:attachment":[{"href":"https:\/\/cdnoticias.com\/index.php\/wp-json\/wp\/v2\/media?parent=108782"}],"wp:term":[{"taxonomy":"category","embeddable":true,"href":"https:\/\/cdnoticias.com\/index.php\/wp-json\/wp\/v2\/categories?post=108782"},{"taxonomy":"post_tag","embeddable":true,"href":"https:\/\/cdnoticias.com\/index.php\/wp-json\/wp\/v2\/tags?post=108782"}],"curies":[{"name":"wp","href":"https:\/\/api.w.org\/{rel}","templated":true}]}}