{"id":108769,"date":"2024-02-19T08:57:02","date_gmt":"2024-02-19T11:57:02","guid":{"rendered":"https:\/\/cdnoticias.com\/?p=108769"},"modified":"2024-02-19T08:57:05","modified_gmt":"2024-02-19T11:57:05","slug":"transporte-publico-el-concejal-lascano-cuestiono-la-intencion-del-ejecutivo-de-declarar-la-emergencia","status":"publish","type":"post","link":"https:\/\/cdnoticias.com\/index.php\/2024\/02\/19\/transporte-publico-el-concejal-lascano-cuestiono-la-intencion-del-ejecutivo-de-declarar-la-emergencia\/","title":{"rendered":"Transporte p\u00fablico: el concejal Lascano cuestion\u00f3 la intenci\u00f3n del Ejecutivo de declarar la emergencia"},"content":{"rendered":"<p>El dirigente libertario consider\u00f3 que \u201cresulta extra\u00f1o\u201d que se busque esa declaraci\u00f3n despu\u00e9s de se anunciara la eliminaci\u00f3n del fondo compensador. \u201cCon la quita del subsidio nacional, que representaba s\u00f3lo el 15% del costo de boleto, deber\u00eda pasar a costar $300\u201d concluy\u00f3.<\/p>\n<p><!--more--><\/p>\n<hr \/>\n<p>El<strong> concejal de Ahora Olavarr\u00eda Guillermo Lascano<\/strong> <strong>cuestion\u00f3 la intenci\u00f3n<\/strong> del Ejecutivo de <a href=\"https:\/\/cdnoticias.com\/index.php\/2024\/02\/15\/buscaran-declarar-la-emergencia-en-transporte-en-el-municipio-de-olavarria\/\" target=\"_blank\" rel=\"noopener\"><strong>declarar la emergencia en el transporte p\u00fablico<\/strong><\/a>. A trav\u00e9s de una nota de opini\u00f3n y en el marco de <a href=\"https:\/\/cdnoticias.com\/index.php\/2024\/02\/14\/la-quita-del-subsidio-al-transporte-en-olavarria-implicaria-un-boleto-de-940-pesos\/\" target=\"_blank\" rel=\"noopener\">previsiones de suba del boleto para llevarlo a casi 1.000 pesos<\/a>, <strong>busc\u00f3 deslindar responsabilidad de la Naci\u00f3n y enfoc\u00f3 su lectura en el rol municipal para la gesti\u00f3n del servicio<\/strong>.<\/p>\n<p>&nbsp;<\/p>\n<p><strong>\u201cEl transporte p\u00fablico de Olavarr\u00eda es responsabilidad \u00fanica e indelegable del propio municipio\u201d<\/strong> sostuvo Lascano quien a\u00f1adi\u00f3 que \u201cen forma de ayuda y colaboraci\u00f3n, el gobierno nacional y provincial giran a los municipios fondos para el transporte\u201d. Ante la <strong>decisi\u00f3n del Ejecutivo Nacional de eliminar el aporte de Fondo Compensador<\/strong> para las empresas de este rubro que prestan servicio p\u00fablico, afirm\u00f3 que<strong> \u201cera s\u00f3lo el equivalente al 15% del boleto\u201d<\/strong>.<\/p>\n<p>&nbsp;<\/p>\n<p>A su vez, indic\u00f3 el dirigente libertario que \u201cse elimina el fondo compensador para <strong>reemplazarlo por un subsidio a la demanda<\/strong>, es decir, a los usuarios que van a recibir un cr\u00e9dito en su tarjeta SUBE\u201d.<\/p>\n<p>&nbsp;<\/p>\n<p>Record\u00f3 que mediante el <strong>decreto 131 del intendente Wesner ya se aplic\u00f3 suba de boleto en Olavarr\u00eda desde enero<\/strong>, que <a href=\"https:\/\/cdnoticias.com\/index.php\/2024\/01\/31\/desde-este-miercoles-aumento-el-boleto-de-colectivo-en-olavarria\/\" target=\"_blank\" rel=\"noopener\">fue de alrededor de 90%<\/a> y se\u00f1al\u00f3 que la medida se argument\u00f3 en el <strong>objetivo \u201cde mantener el equilibrio en la ecuaci\u00f3n econ\u00f3mica &#8211; financiera<\/strong> de la contrataci\u00f3n de la Concesi\u00f3n de Servicio de Transporte P\u00fablico de Pasajeros en la ciudad de Olavarr\u00eda\u201d.<\/p>\n<p>&nbsp;<\/p>\n<p>Interpret\u00f3 que, <strong>en l\u00ednea con el fundamento expresado, \u201cresulta extra\u00f1o querer declarar la emergencia del transporte 30 d\u00edas despu\u00e9s\u201d<\/strong>.<\/p>\n<p>&nbsp;<\/p>\n<blockquote><p>\u201cSi verdaderamente el aumento otorgado por La C\u00e1mpora, equilibraban la ecuaci\u00f3n econ\u00f3mica \u2013 financiera del transporte p\u00fablico e hizo que el boleto pase a costar $261, hoy con la quita del subsidio nacional, que representaba s\u00f3lo el 15% del costo de boleto, deber\u00eda pasar a costar $300\u201d concluy\u00f3 el concejal Lascano.<\/p><\/blockquote>\n<p>&nbsp;<\/p>\n","protected":false},"excerpt":{"rendered":"<p>El dirigente libertario consider\u00f3 que \u201cresulta extra\u00f1o\u201d que se busque esa declaraci\u00f3n despu\u00e9s de se anunciara la eliminaci\u00f3n del fondo<\/p>\n","protected":false},"author":4,"featured_media":33519,"comment_status":"closed","ping_status":"closed","sticky":false,"template":"","format":"standard","meta":{"_jetpack_memberships_contains_paid_content":false,"footnotes":""},"categories":[4,1],"tags":[],"class_list":["post-108769","post","type-post","status-publish","format-standard","has-post-thumbnail","hentry","category-politica","category-portada"],"jetpack_featured_media_url":"https:\/\/i0.wp.com\/cdnoticias.com\/wp-content\/uploads\/2021\/09\/tu-bus-transporte-01.jpg?fit=800%2C445&ssl=1","jetpack_sharing_enabled":true,"_links":{"self":[{"href":"https:\/\/cdnoticias.com\/index.php\/wp-json\/wp\/v2\/posts\/108769","targetHints":{"allow":["GET"]}}],"collection":[{"href":"https:\/\/cdnoticias.com\/index.php\/wp-json\/wp\/v2\/posts"}],"about":[{"href":"https:\/\/cdnoticias.com\/index.php\/wp-json\/wp\/v2\/types\/post"}],"author":[{"embeddable":true,"href":"https:\/\/cdnoticias.com\/index.php\/wp-json\/wp\/v2\/users\/4"}],"replies":[{"embeddable":true,"href":"https:\/\/cdnoticias.com\/index.php\/wp-json\/wp\/v2\/comments?post=108769"}],"version-history":[{"count":0,"href":"https:\/\/cdnoticias.com\/index.php\/wp-json\/wp\/v2\/posts\/108769\/revisions"}],"wp:featuredmedia":[{"embeddable":true,"href":"https:\/\/cdnoticias.com\/index.php\/wp-json\/wp\/v2\/media\/33519"}],"wp:attachment":[{"href":"https:\/\/cdnoticias.com\/index.php\/wp-json\/wp\/v2\/media?parent=108769"}],"wp:term":[{"taxonomy":"category","embeddable":true,"href":"https:\/\/cdnoticias.com\/index.php\/wp-json\/wp\/v2\/categories?post=108769"},{"taxonomy":"post_tag","embeddable":true,"href":"https:\/\/cdnoticias.com\/index.php\/wp-json\/wp\/v2\/tags?post=108769"}],"curies":[{"name":"wp","href":"https:\/\/api.w.org\/{rel}","templated":true}]}}