{"id":108765,"date":"2024-02-16T12:46:13","date_gmt":"2024-02-16T15:46:13","guid":{"rendered":"https:\/\/cdnoticias.com\/?p=108765"},"modified":"2024-02-16T16:19:00","modified_gmt":"2024-02-16T19:19:00","slug":"piden-sesion-extraordinaria-para-tratar-un-nuevo-financiamiento-a-bomberos-voluntarios","status":"publish","type":"post","link":"https:\/\/cdnoticias.com\/index.php\/2024\/02\/16\/piden-sesion-extraordinaria-para-tratar-un-nuevo-financiamiento-a-bomberos-voluntarios\/","title":{"rendered":"Piden sesi\u00f3n extraordinaria para tratar un nuevo financiamiento a Bomberos Voluntarios"},"content":{"rendered":"<p>La solicitud fue presentada por la presidenta del bloque Juntos. Proponen que parte del Fondo de Fortalecimiento Fiscal Municipal sea afectado al acompa\u00f1amiento de la Asociaci\u00f3n.<!--more--><\/p>\n<hr \/>\n<p>El <strong>bloque de Concejales Juntos -acompa\u00f1ado por UCR y LLA-<\/strong> solicit\u00f3 una <strong>sesi\u00f3n extraordinaria<\/strong> para tratar un proyecto de Ordenanza por el cual <strong>un porcentaje del Fondo de Fortalecimiento Fiscal Municipal sea afectado al funcionamiento y acompa\u00f1amiento de la Asociaci\u00f3n Bomberos Voluntarios de Olavarr\u00eda.<\/strong><\/p>\n<p>En la ma\u00f1ana de este viernes, la presidenta del bloque <strong>Guillermina Amespil present\u00f3 el proyecto en mesa de entrada del Honorable Concejo Deliberante.<\/strong><\/p>\n<p>El documento sostiene que<strong> \u201cel actual desfinanciamiento que atraviesa la Asociaci\u00f3n Bomberos Voluntarios de Olavarr\u00eda se gener\u00f3 como consecuencia de la no continuidad del Servicio de Estacionamiento Medido Municipal\u201d<\/strong> y adem\u00e1s presenta un articulado que prev\u00e9 que el Fondo tambi\u00e9n sea utilizado para el mantenimiento y construcci\u00f3n de obras de infraestructura en la ciudad y Localidades del Partido.<\/p>\n<p>\u201c<strong>Estamos en contacto con Bomberos Voluntarios.<\/strong> Hace semanas que venimos siguiendo el tema y nos preocupa su desfinanciamiento. Este proyecto, hasta tanto reciban la ayuda del Gobierno Municipal, nos parece lo m\u00e1s adecuado para acompa\u00f1arlos como lo hac\u00edamos junto a toda la comunidad\u201d, resalt\u00f3 Amespil.<\/p>\n<p>\u201cHasta que el Ejecutivo decida qu\u00e9 hacer con el Estacionamiento Medido y -en consecuencia- con Bomberos,<strong> ya pasaron dos meses que para la Asociaci\u00f3n son important\u00edsimos y no pueden vivir dentro de la incertidumbre al futuro.<\/strong> El cuerpo activo no puede funcionar como supo hacerlo si no tiene un acompa\u00f1amiento econ\u00f3mico seguro\u201d, agreg\u00f3.<\/p>\n<p>Finalmente, la concejala dese\u00f3 que \u201clos servicios que brindan los Bomberos no corran riesgo, porque <strong>de ocurrir alguna eventualidad o una problem\u00e1tica mayor, quedar\u00e1 expuesto el desfinanciamiento de su estructura<\/strong>\u201d.<\/p>\n","protected":false},"excerpt":{"rendered":"<p>La solicitud fue presentada por la presidenta del bloque Juntos. Proponen que parte del Fondo de Fortalecimiento Fiscal Municipal sea<\/p>\n","protected":false},"author":2,"featured_media":108766,"comment_status":"closed","ping_status":"closed","sticky":false,"template":"","format":"standard","meta":{"_jetpack_memberships_contains_paid_content":false,"footnotes":""},"categories":[4,1],"tags":[],"class_list":["post-108765","post","type-post","status-publish","format-standard","has-post-thumbnail","hentry","category-politica","category-portada"],"jetpack_featured_media_url":"https:\/\/i0.wp.com\/cdnoticias.com\/wp-content\/uploads\/2024\/02\/amespil-hcd-sesion-extraordinaria.jpg?fit=800%2C445&ssl=1","jetpack_sharing_enabled":true,"_links":{"self":[{"href":"https:\/\/cdnoticias.com\/index.php\/wp-json\/wp\/v2\/posts\/108765","targetHints":{"allow":["GET"]}}],"collection":[{"href":"https:\/\/cdnoticias.com\/index.php\/wp-json\/wp\/v2\/posts"}],"about":[{"href":"https:\/\/cdnoticias.com\/index.php\/wp-json\/wp\/v2\/types\/post"}],"author":[{"embeddable":true,"href":"https:\/\/cdnoticias.com\/index.php\/wp-json\/wp\/v2\/users\/2"}],"replies":[{"embeddable":true,"href":"https:\/\/cdnoticias.com\/index.php\/wp-json\/wp\/v2\/comments?post=108765"}],"version-history":[{"count":0,"href":"https:\/\/cdnoticias.com\/index.php\/wp-json\/wp\/v2\/posts\/108765\/revisions"}],"wp:featuredmedia":[{"embeddable":true,"href":"https:\/\/cdnoticias.com\/index.php\/wp-json\/wp\/v2\/media\/108766"}],"wp:attachment":[{"href":"https:\/\/cdnoticias.com\/index.php\/wp-json\/wp\/v2\/media?parent=108765"}],"wp:term":[{"taxonomy":"category","embeddable":true,"href":"https:\/\/cdnoticias.com\/index.php\/wp-json\/wp\/v2\/categories?post=108765"},{"taxonomy":"post_tag","embeddable":true,"href":"https:\/\/cdnoticias.com\/index.php\/wp-json\/wp\/v2\/tags?post=108765"}],"curies":[{"name":"wp","href":"https:\/\/api.w.org\/{rel}","templated":true}]}}