{"id":108761,"date":"2024-02-16T12:14:07","date_gmt":"2024-02-16T15:14:07","guid":{"rendered":"https:\/\/cdnoticias.com\/?p=108761"},"modified":"2024-02-16T12:14:09","modified_gmt":"2024-02-16T15:14:09","slug":"juan-carlos-rivas-carlitos-q-e-p-d","status":"publish","type":"post","link":"https:\/\/cdnoticias.com\/index.php\/2024\/02\/16\/juan-carlos-rivas-carlitos-q-e-p-d\/","title":{"rendered":"Juan Carlos Rivas &#8220;Carlitos&#8221; (Q.E.P.D.)"},"content":{"rendered":"<p>Falleci\u00f3 en Olavarr\u00eda el d\u00eda 16 de febrero de 2024 a los 70 a\u00f1os de edad.<\/p>\n<p>Su esposa Alejandra Lamas; sus hijos: Augusto, Pedro y Sebasti\u00e1n; sus hijas pol\u00edticas: Erica, Nora y Estefan\u00eda; sus hijos en el afecto: Mariano, Lucrecia, Magdalena y Luc\u00eda, sus nietos; sus hermanos; sus sobrinos y dem\u00e1s deudos participan su fallecimiento.<\/p>\n<p>Sin velatorio. Sin responso. Inhumaci\u00f3n: Crematorio Pinos de Paz, en d\u00eda a confirmar. Servicio adherido a Coopelectric.<\/p>\n<p>Vecino de Hinojo<\/p>\n<p>Lugar de nacimiento: Hinojo<\/p>\n<p>Actividad que desarrollaba: Jubilado de Coopelectric<\/p>\n","protected":false},"excerpt":{"rendered":"<p>Falleci\u00f3 en Olavarr\u00eda el d\u00eda 16 de febrero de 2024 a los 70 a\u00f1os de edad. Su esposa Alejandra Lamas;<\/p>\n","protected":false},"author":4,"featured_media":51544,"comment_status":"closed","ping_status":"closed","sticky":false,"template":"","format":"standard","meta":{"_jetpack_memberships_contains_paid_content":false,"footnotes":""},"categories":[10],"tags":[],"class_list":["post-108761","post","type-post","status-publish","format-standard","has-post-thumbnail","hentry","category-necrologicas"],"jetpack_featured_media_url":"https:\/\/i0.wp.com\/cdnoticias.com\/wp-content\/uploads\/2022\/04\/necrologicas-390-x-240.jpg?fit=390%2C240&ssl=1","jetpack_sharing_enabled":true,"_links":{"self":[{"href":"https:\/\/cdnoticias.com\/index.php\/wp-json\/wp\/v2\/posts\/108761","targetHints":{"allow":["GET"]}}],"collection":[{"href":"https:\/\/cdnoticias.com\/index.php\/wp-json\/wp\/v2\/posts"}],"about":[{"href":"https:\/\/cdnoticias.com\/index.php\/wp-json\/wp\/v2\/types\/post"}],"author":[{"embeddable":true,"href":"https:\/\/cdnoticias.com\/index.php\/wp-json\/wp\/v2\/users\/4"}],"replies":[{"embeddable":true,"href":"https:\/\/cdnoticias.com\/index.php\/wp-json\/wp\/v2\/comments?post=108761"}],"version-history":[{"count":0,"href":"https:\/\/cdnoticias.com\/index.php\/wp-json\/wp\/v2\/posts\/108761\/revisions"}],"wp:featuredmedia":[{"embeddable":true,"href":"https:\/\/cdnoticias.com\/index.php\/wp-json\/wp\/v2\/media\/51544"}],"wp:attachment":[{"href":"https:\/\/cdnoticias.com\/index.php\/wp-json\/wp\/v2\/media?parent=108761"}],"wp:term":[{"taxonomy":"category","embeddable":true,"href":"https:\/\/cdnoticias.com\/index.php\/wp-json\/wp\/v2\/categories?post=108761"},{"taxonomy":"post_tag","embeddable":true,"href":"https:\/\/cdnoticias.com\/index.php\/wp-json\/wp\/v2\/tags?post=108761"}],"curies":[{"name":"wp","href":"https:\/\/api.w.org\/{rel}","templated":true}]}}