{"id":108755,"date":"2024-02-16T11:49:09","date_gmt":"2024-02-16T14:49:09","guid":{"rendered":"https:\/\/cdnoticias.com\/?p=108755"},"modified":"2024-02-16T18:43:06","modified_gmt":"2024-02-16T21:43:06","slug":"la-cgt-de-olavarria-advirtio-por-dramatica-situacion-laboral-y-pidio-respuestas-urgentes","status":"publish","type":"post","link":"https:\/\/cdnoticias.com\/index.php\/2024\/02\/16\/la-cgt-de-olavarria-advirtio-por-dramatica-situacion-laboral-y-pidio-respuestas-urgentes\/","title":{"rendered":"La CGT de Olavarr\u00eda advirti\u00f3 por \u201cdram\u00e1tica situaci\u00f3n\u201d laboral y pidi\u00f3 \u201crespuestas urgentes\u201d"},"content":{"rendered":"<p>Declararon el \u201cestado de alerta\u201d. Aludieron a despidos y retrasos en los pagos, lo que adem\u00e1s -se\u00f1alaron- muestra una creciente conflictividad.<\/p>\n<p><!--more--><\/p>\n<hr \/>\n<p><strong>\u201cLa dram\u00e1tica situaci\u00f3n\u2026 exige respuestas urgentes!!!\u201d<\/strong> manifest\u00f3 en las \u00faltimas horas la<strong> CGT Olavarr\u00eda<\/strong> en un comunicado que lleva las firmas de los <strong>secretarios y secretarias Generales de los 43 gremios<\/strong> que conforman la entidad regional.<\/p>\n<p>&nbsp;<\/p>\n<p><strong>Declararon el \u201cestado de alerta\u201d<\/strong> y aludieron con ello a <strong>despidos y retrasos en los pagos<\/strong> que padecen los trabajadores de numerosos sindicatos, lo que adem\u00e1s -se\u00f1alaron- muestra una <strong>creciente conflictividad<\/strong>.<\/p>\n<p>&nbsp;<\/p>\n<blockquote><p>\u201cExpresamos nuestra solidaridad con los trabajadores y trabajadoras despedidos, pertenecientes a los gremios AOMA, UOCRA, Ceramistas y del Estacionamiento Medido, entre muchas otras familias de la ciudad afectadas en los \u00faltimos tiempos\u201d se agreg\u00f3.<\/p><\/blockquote>\n<p>&nbsp;<\/p>\n<p>Adem\u00e1s, <strong>se declar\u00f3 \u201cen Estado de Alerta a ra\u00edz de los permanentes conflictos que atraviesan los distintos gremios y sindicatos<\/strong> de nuestra ciudad, tanto por la <strong>p\u00e9rdida de fuentes de trabajo como por los retrasos y recomposiciones salariales<\/strong> que generan una <strong>fuerte p\u00e9rdida de poder adquisitivo<\/strong> como as\u00ed tambi\u00e9n un <strong>notorio impacto en la actividad econ\u00f3mica<\/strong> de nuestra ciudad\u201d.<\/p>\n<p>&nbsp;<\/p>\n<p><img data-recalc-dims=\"1\" loading=\"lazy\" decoding=\"async\" class=\"size-full wp-image-107423 aligncenter\" src=\"https:\/\/i0.wp.com\/cdnoticias.com\/wp-content\/uploads\/2024\/01\/paro-24E-2024-CGT-Ley-Omnibus-3.jpg?resize=800%2C445&#038;ssl=1\" alt=\"\" width=\"800\" height=\"445\" srcset=\"https:\/\/i0.wp.com\/cdnoticias.com\/wp-content\/uploads\/2024\/01\/paro-24E-2024-CGT-Ley-Omnibus-3.jpg?w=800&amp;ssl=1 800w, https:\/\/i0.wp.com\/cdnoticias.com\/wp-content\/uploads\/2024\/01\/paro-24E-2024-CGT-Ley-Omnibus-3.jpg?resize=300%2C167&amp;ssl=1 300w, https:\/\/i0.wp.com\/cdnoticias.com\/wp-content\/uploads\/2024\/01\/paro-24E-2024-CGT-Ley-Omnibus-3.jpg?resize=768%2C427&amp;ssl=1 768w\" sizes=\"auto, (max-width: 800px) 100vw, 800px\" \/><\/p>\n<p>&nbsp;<\/p>\n<p>Tambi\u00e9n plantearon que se proyecta la continuidad de este panorama de dificultades: \u201cla preocupaci\u00f3n es a\u00fan m\u00e1s marcada debido a que el panorama actual permite predecir que <strong>en un marco de recesi\u00f3n y alta inflaci\u00f3n, en el futuro inmediato se producir\u00e1n nuevos despidos<\/strong> que agravar\u00e1n esta dram\u00e1tica situaci\u00f3n\u201d.<\/p>\n<p>&nbsp;<\/p>\n<blockquote><p>\u201cLa angustiante realidad expulsa del sistema econ\u00f3mico cada vez m\u00e1s familias trabajadoras. Solicitamos en este contexto a los peque\u00f1os y medianos comerciantes y empresarios de los distintos rubros que componen el abanico econ\u00f3mico productivo de nuestra ciudad como as\u00ed tambi\u00e9n a los partidos pol\u00edticos para que extremen su prudencia y sabidur\u00eda para contener a las familias trabajadoras en este muy dif\u00edcil momento\u201d plante\u00f3 la CGT Olavarr\u00eda.<\/p><\/blockquote>\n<p>&nbsp;<\/p>\n<p>El comunicado lleva las firmas de <em>ADEFO \/ AERI \/ APV \/ CAMIONEROS \/ FATIDA \/ FATPREN \/ FAUPPA \/ FGPIC \/ FLETEROS \/ FOCRA \/ FOECYT \/ LA BANCARIA \/ LA FRATERNIDAD \/ PAPELEROS \/ SADOP \/ SANIDAD \/ SATIF \/ SATSAID \/ SECASFPI \/ SEIVARA \/ SMATA \/ SOEESIT \/ SOESGYPE \/ SOIVA \/ SOSBA \/ SQPFPEOA \/ SSRA \/ STIGAS \/ STMO \/ SUETRA \/ SURyA \/ SUTCAPRA \/ SUTERYH \/ SUTPA \/ UATRE \/ UDOCBA \/ UOCRA \/ UOM \/ UPCN \/ UPSF \/ UTA \/ UTEDYC \/ UTHGRA.<\/em><\/p>\n<p>&nbsp;<\/p>\n","protected":false},"excerpt":{"rendered":"<p>Declararon el \u201cestado de alerta\u201d. Aludieron a despidos y retrasos en los pagos, lo que adem\u00e1s -se\u00f1alaron- muestra una creciente<\/p>\n","protected":false},"author":4,"featured_media":107467,"comment_status":"closed","ping_status":"closed","sticky":false,"template":"","format":"standard","meta":{"_jetpack_memberships_contains_paid_content":false,"footnotes":""},"categories":[4,1],"tags":[],"class_list":["post-108755","post","type-post","status-publish","format-standard","has-post-thumbnail","hentry","category-politica","category-portada"],"jetpack_featured_media_url":"https:\/\/i0.wp.com\/cdnoticias.com\/wp-content\/uploads\/2024\/01\/marcha-cgt-00.jpg?fit=800%2C445&ssl=1","jetpack_sharing_enabled":true,"_links":{"self":[{"href":"https:\/\/cdnoticias.com\/index.php\/wp-json\/wp\/v2\/posts\/108755","targetHints":{"allow":["GET"]}}],"collection":[{"href":"https:\/\/cdnoticias.com\/index.php\/wp-json\/wp\/v2\/posts"}],"about":[{"href":"https:\/\/cdnoticias.com\/index.php\/wp-json\/wp\/v2\/types\/post"}],"author":[{"embeddable":true,"href":"https:\/\/cdnoticias.com\/index.php\/wp-json\/wp\/v2\/users\/4"}],"replies":[{"embeddable":true,"href":"https:\/\/cdnoticias.com\/index.php\/wp-json\/wp\/v2\/comments?post=108755"}],"version-history":[{"count":0,"href":"https:\/\/cdnoticias.com\/index.php\/wp-json\/wp\/v2\/posts\/108755\/revisions"}],"wp:featuredmedia":[{"embeddable":true,"href":"https:\/\/cdnoticias.com\/index.php\/wp-json\/wp\/v2\/media\/107467"}],"wp:attachment":[{"href":"https:\/\/cdnoticias.com\/index.php\/wp-json\/wp\/v2\/media?parent=108755"}],"wp:term":[{"taxonomy":"category","embeddable":true,"href":"https:\/\/cdnoticias.com\/index.php\/wp-json\/wp\/v2\/categories?post=108755"},{"taxonomy":"post_tag","embeddable":true,"href":"https:\/\/cdnoticias.com\/index.php\/wp-json\/wp\/v2\/tags?post=108755"}],"curies":[{"name":"wp","href":"https:\/\/api.w.org\/{rel}","templated":true}]}}