{"id":10875,"date":"2021-01-07T19:52:38","date_gmt":"2021-01-07T22:52:38","guid":{"rendered":"http:\/\/www.centraldenoticias.com.ar\/?p=10875"},"modified":"2021-01-07T19:52:38","modified_gmt":"2021-01-07T22:52:38","slug":"varios-operativos-viales-en-distintos-puntos-de-la-ciudad","status":"publish","type":"post","link":"https:\/\/cdnoticias.com\/index.php\/2021\/01\/07\/varios-operativos-viales-en-distintos-puntos-de-la-ciudad\/","title":{"rendered":"Varios operativos viales en distintos puntos de la ciudad"},"content":{"rendered":"<p>Control Urbano, comisar\u00edas locales e inclusive el GAD fueron parte de las tareas. Se identificaron autos y ocupantes.<!--more--><\/p>\n<hr \/>\n<p>Mientras se aguarda por la oficializaci\u00f3n y, m\u00e1s a\u00fan, como se aplicar\u00e1 en la Provincia <a href=\"https:\/\/cdnoticias.com\/index.php\/2021\/01\/07\/habra-cierre-nocturno-de-23-a-6-en-el-pais-como-sera-en-la-provincia\/\" target=\"_blank\" rel=\"noopener\">el \u201ctoque de queda\u201d nocturno<\/a>, los controles coordinados desde el \u00e1rea de Seguridad Municipal, de manera conjunta con la Estaci\u00f3n de Polic\u00eda Departamental, no se detienen.<\/p>\n<p>&nbsp;<\/p>\n<p><a href=\"https:\/\/cdnoticias.com\/index.php\/2021\/01\/01\/operativos-viales-durante-el-2020-se-secuestraron-30-motos-y-12-automoviles\/\" target=\"_blank\" rel=\"noopener\">Tal como se plasm\u00f3 en un informe publicado por este portal d\u00edas atr\u00e1s<\/a>, durante el 2020 se secuestraron numerosos rodados y se identificaron miles de personas en operativos viales desarrollados en distintos puntos del casco urbano local. Se trata de <strong>procedimientos de interceptaci\u00f3n e identificaci\u00f3n de veh\u00edculos y ocupantes, con el objetivo de prevenir y detectar delitos o faltas en general, tanto infracciones a la Ley de Tr\u00e1nsito como lo pueden ser, por ejemplo, contra la Ley de Estupefacientes o los decretos de emergencia sanitaria por la pandemia.<\/strong><\/p>\n<p>&nbsp;<\/p>\n<p><img data-recalc-dims=\"1\" loading=\"lazy\" decoding=\"async\" class=\"alignnone size-large wp-image-6674\" src=\"https:\/\/i0.wp.com\/cdnoticias.com\/wp-content\/uploads\/2020\/11\/WhatsApp-Image-2020-11-16-at-17.57.37.jpeg?resize=800%2C450&#038;ssl=1\" alt=\"\" width=\"800\" height=\"450\" srcset=\"https:\/\/i0.wp.com\/cdnoticias.com\/wp-content\/uploads\/2020\/11\/WhatsApp-Image-2020-11-16-at-17.57.37.jpeg?resize=1024%2C576&amp;ssl=1 1024w, https:\/\/i0.wp.com\/cdnoticias.com\/wp-content\/uploads\/2020\/11\/WhatsApp-Image-2020-11-16-at-17.57.37.jpeg?resize=300%2C169&amp;ssl=1 300w, https:\/\/i0.wp.com\/cdnoticias.com\/wp-content\/uploads\/2020\/11\/WhatsApp-Image-2020-11-16-at-17.57.37.jpeg?resize=768%2C432&amp;ssl=1 768w, https:\/\/i0.wp.com\/cdnoticias.com\/wp-content\/uploads\/2020\/11\/WhatsApp-Image-2020-11-16-at-17.57.37.jpeg?w=1032&amp;ssl=1 1032w\" sizes=\"auto, (max-width: 800px) 100vw, 800px\" \/><\/p>\n<p>&nbsp;<\/p>\n<p>Los mismos son llevados a cabo desde la Direcci\u00f3n de Acci\u00f3n y Control Urbano Municipal, en tareas adicionales llevadas adelante por agentes de la polic\u00eda Bonaerense, con el apoyo del Comando de Patrullas, comisar\u00edas Primera y Segunda, polic\u00eda Local y GAD. Vale recordar que son <strong>operativos que se realizan en sedes y horarios rotativos.<\/strong><\/p>\n<p>&nbsp;<\/p>\n<p>En las \u00faltimas horas pudieron verse tareas de estas caracter\u00edsticas en la zona del cruce de <strong>La Rioja y Pelegrino, en el barrio Villa Mail\u00edn; sobre Lavalle y avenida Pueyrred\u00f3n, en el barrio San Vicente; y, por \u00faltimo, en avenida Urquiza y Grimaldi, frente al barrio Jard\u00edn.<\/strong><\/p>\n<p>&nbsp;<\/p>\n","protected":false},"excerpt":{"rendered":"<p>Control Urbano, comisar\u00edas locales e inclusive el GAD fueron parte de las tareas. Se identificaron autos y ocupantes.<\/p>\n","protected":false},"author":3,"featured_media":10878,"comment_status":"closed","ping_status":"closed","sticky":false,"template":"","format":"standard","meta":{"_jetpack_memberships_contains_paid_content":false,"footnotes":""},"categories":[14,1],"tags":[],"class_list":["post-10875","post","type-post","status-publish","format-standard","has-post-thumbnail","hentry","category-policiales","category-portada"],"jetpack_featured_media_url":"https:\/\/i0.wp.com\/cdnoticias.com\/wp-content\/uploads\/2021\/01\/WhatsApp-Image-2021-01-07-at-10.29.08-1-e1610056611775.jpeg?fit=1005%2C653&ssl=1","jetpack_sharing_enabled":true,"_links":{"self":[{"href":"https:\/\/cdnoticias.com\/index.php\/wp-json\/wp\/v2\/posts\/10875","targetHints":{"allow":["GET"]}}],"collection":[{"href":"https:\/\/cdnoticias.com\/index.php\/wp-json\/wp\/v2\/posts"}],"about":[{"href":"https:\/\/cdnoticias.com\/index.php\/wp-json\/wp\/v2\/types\/post"}],"author":[{"embeddable":true,"href":"https:\/\/cdnoticias.com\/index.php\/wp-json\/wp\/v2\/users\/3"}],"replies":[{"embeddable":true,"href":"https:\/\/cdnoticias.com\/index.php\/wp-json\/wp\/v2\/comments?post=10875"}],"version-history":[{"count":0,"href":"https:\/\/cdnoticias.com\/index.php\/wp-json\/wp\/v2\/posts\/10875\/revisions"}],"wp:featuredmedia":[{"embeddable":true,"href":"https:\/\/cdnoticias.com\/index.php\/wp-json\/wp\/v2\/media\/10878"}],"wp:attachment":[{"href":"https:\/\/cdnoticias.com\/index.php\/wp-json\/wp\/v2\/media?parent=10875"}],"wp:term":[{"taxonomy":"category","embeddable":true,"href":"https:\/\/cdnoticias.com\/index.php\/wp-json\/wp\/v2\/categories?post=10875"},{"taxonomy":"post_tag","embeddable":true,"href":"https:\/\/cdnoticias.com\/index.php\/wp-json\/wp\/v2\/tags?post=10875"}],"curies":[{"name":"wp","href":"https:\/\/api.w.org\/{rel}","templated":true}]}}