{"id":108692,"date":"2024-02-15T17:31:20","date_gmt":"2024-02-15T20:31:20","guid":{"rendered":"https:\/\/cdnoticias.com\/?p=108692"},"modified":"2024-02-15T17:36:43","modified_gmt":"2024-02-15T20:36:43","slug":"encuentran-sin-vida-al-joven-que-era-buscado-luego-de-que-ingresara-al-mar-en-monte-hermoso","status":"publish","type":"post","link":"https:\/\/cdnoticias.com\/index.php\/2024\/02\/15\/encuentran-sin-vida-al-joven-que-era-buscado-luego-de-que-ingresara-al-mar-en-monte-hermoso\/","title":{"rendered":"Encontraron sin vida al joven que ingres\u00f3 al mar en Monte Hermoso"},"content":{"rendered":"\n<p>El hallazgo se produjo en el marco del operativo de b\u00fasqueda que llevaban adelante integrantes de las polic\u00edas bonaerense, junto con personal de bomberos voluntarios.<\/p>\n\n\n\n<hr class=\"wp-block-separator aligncenter has-alpha-channel-opacity\"\/>\n\n\n\n<p>El cuerpo del joven de 21 a\u00f1os que se hab\u00eda metido al mar cerca de las 6 de la ma\u00f1ana del lunes \u00faltimo en la <strong>localidad de Monte Hermoso,<\/strong> cuando el mar se encontraba embravecido, <strong>fue hallado sin vida en un sector de la costa de ese balneario bonaerense.<\/strong><\/p>\n\n\n\n<p><\/p>\n\n\n\n<p>Se trata de <strong>Axel Malvar, oriundo de Bah\u00eda Blanca<\/strong>, quien fue hallado pasando el sector del camping Americano, sobre la zona denominada las huellas.<\/p>\n\n\n\n<p><\/p>\n\n\n\n<p>El hallazgo se produjo en el <strong>marco del operativo de b\u00fasqueda<\/strong> que llevaban adelante integrantes de las polic\u00edas bonaerense, junto con personal de bomberos voluntarios.<\/p>\n\n\n\n<p><\/p>\n\n\n\n<p>El <a href=\"https:\/\/cdnoticias.com\/index.php\/2024\/02\/12\/monte-hermoso-buscan-a-un-joven-que-desaparecio-tras-meterse-al-mar\/\" target=\"_blank\" rel=\"noreferrer noopener\">operativo de b\u00fasqueda hab\u00eda comenzado el lunes<\/a> poco despu\u00e9s de que Malvar ingresara al mar cuando fue a la playa junto a cuatro amigos. En ese momento se registraba un fuerte oleaje, por lo que sus amigos salieron del agua, aunque \u00e9l no logr\u00f3 hacerlo.<\/p>\n\n\n\n<p><\/p>\n\n\n\n<p>Fue entonces que tras una alerta al personal policial se inici\u00f3 un operativo de b\u00fasqueda que cont\u00f3 con la participaci\u00f3n del cuerpo de guardavidas, de integrantes de la Prefectura Naval Argentina (PNA) y de la comuna, entre otros.<\/p>\n\n\n\n<p><\/p>\n\n\n\n<p><em>Fuente: DIB<\/em><\/p>\n","protected":false},"excerpt":{"rendered":"<p>El hallazgo se produjo en el marco del operativo de b\u00fasqueda que llevaban adelante integrantes de las polic\u00edas bonaerense, junto<\/p>\n","protected":false},"author":6,"featured_media":108530,"comment_status":"closed","ping_status":"closed","sticky":false,"template":"","format":"standard","meta":{"_jetpack_memberships_contains_paid_content":false,"footnotes":""},"categories":[6,1],"tags":[],"class_list":["post-108692","post","type-post","status-publish","format-standard","has-post-thumbnail","hentry","category-nacionales","category-portada"],"jetpack_featured_media_url":"https:\/\/i0.wp.com\/cdnoticias.com\/wp-content\/uploads\/2024\/02\/monte.jpeg?fit=1032%2C581&ssl=1","jetpack_sharing_enabled":true,"_links":{"self":[{"href":"https:\/\/cdnoticias.com\/index.php\/wp-json\/wp\/v2\/posts\/108692","targetHints":{"allow":["GET"]}}],"collection":[{"href":"https:\/\/cdnoticias.com\/index.php\/wp-json\/wp\/v2\/posts"}],"about":[{"href":"https:\/\/cdnoticias.com\/index.php\/wp-json\/wp\/v2\/types\/post"}],"author":[{"embeddable":true,"href":"https:\/\/cdnoticias.com\/index.php\/wp-json\/wp\/v2\/users\/6"}],"replies":[{"embeddable":true,"href":"https:\/\/cdnoticias.com\/index.php\/wp-json\/wp\/v2\/comments?post=108692"}],"version-history":[{"count":0,"href":"https:\/\/cdnoticias.com\/index.php\/wp-json\/wp\/v2\/posts\/108692\/revisions"}],"wp:featuredmedia":[{"embeddable":true,"href":"https:\/\/cdnoticias.com\/index.php\/wp-json\/wp\/v2\/media\/108530"}],"wp:attachment":[{"href":"https:\/\/cdnoticias.com\/index.php\/wp-json\/wp\/v2\/media?parent=108692"}],"wp:term":[{"taxonomy":"category","embeddable":true,"href":"https:\/\/cdnoticias.com\/index.php\/wp-json\/wp\/v2\/categories?post=108692"},{"taxonomy":"post_tag","embeddable":true,"href":"https:\/\/cdnoticias.com\/index.php\/wp-json\/wp\/v2\/tags?post=108692"}],"curies":[{"name":"wp","href":"https:\/\/api.w.org\/{rel}","templated":true}]}}