{"id":108685,"date":"2024-02-15T19:00:05","date_gmt":"2024-02-15T22:00:05","guid":{"rendered":"https:\/\/cdnoticias.com\/?p=108685"},"modified":"2024-02-15T19:01:24","modified_gmt":"2024-02-15T22:01:24","slug":"paritarias-el-gobierno-bonaerense-recibio-a-los-docentes-pero-no-hubo-oferta","status":"publish","type":"post","link":"https:\/\/cdnoticias.com\/index.php\/2024\/02\/15\/paritarias-el-gobierno-bonaerense-recibio-a-los-docentes-pero-no-hubo-oferta\/","title":{"rendered":"Paritarias: el Gobierno bonaerense recibi\u00f3 a los docentes, pero no hubo oferta"},"content":{"rendered":"\n<p>El Gobierno provincial recibi\u00f3 a los gremios en el Ministerio de Trabajo, en medio de la tensi\u00f3n que genera la decisi\u00f3n de Naci\u00f3n de no enviar fondos educativos.<\/p>\n\n\n\n<hr class=\"wp-block-separator aligncenter has-alpha-channel-opacity\"\/>\n\n\n\n<p>El Gobierno bonaerense recibi\u00f3 este mi\u00e9rcoles a los<strong> gremios docentes en el marco de las negociaciones paritarias <\/strong>del sector y, si bien <strong>no hubo oferta<\/strong> en esta ocasi\u00f3n, <strong>las autoridades se mostraron predispuestas a dar un nuevo aumento.<\/strong><\/p>\n\n\n\n<p><\/p>\n\n\n\n<p>El encuentro se llev\u00f3 a cabo en la sede de calle 7 (La Plata) del Ministerio de Trabajo bonaerense, en medio de la<strong> tensi\u00f3n que genera la decisi\u00f3n de Naci\u00f3n de no enviar fondos educativos.<\/strong><\/p>\n\n\n\n<p><\/p>\n\n\n\n<p>All\u00ed estuvieron presentes por el Ejecutivo la jefa de Gabinete de la cartera laboral, Cecilia Cecchini; el subsecretario de Coordinaci\u00f3n Econ\u00f3mica y Estad\u00edstica del Ministerio de Econom\u00eda, Nicol\u00e1s Todesca; y el subsecretario de Administraci\u00f3n y Recursos Humanos, Diego Turkenich, de la Direcci\u00f3n General de Cultura y Educaci\u00f3n.<\/p>\n\n\n\n<p><\/p>\n\n\n\n<p>De la reuni\u00f3n particip\u00f3 el Frente de Unidad Docente Bonaerense (FUDB) -que componen Suteba, FEB, Udocba, Sadop y AMET-. En el sector gremial anhelan a un incremento que logre <strong>contener la escalada inflacionaria <\/strong>y ahora esperan por una nueva convocatoria a la brevedad.<\/p>\n\n\n\n<p><\/p>\n\n\n\n<blockquote class=\"wp-block-quote is-layout-flow wp-block-quote-is-layout-flow\">\n<p>\u201cEs evidente que la situaci\u00f3n planteada por el Gobierno de la provincia de Buenos Aires es delicada; especialmente en lo que respecta al financiamiento para la educaci\u00f3n y el impacto directo que esto tiene en los salarios de las y los docentes\u201d, se\u00f1al\u00f3 el FUDB en un comunicado.<\/p>\n<\/blockquote>\n\n\n\n<p><\/p>\n\n\n\n<p>\u201cSi bien destacamos la decisi\u00f3n del Gobierno Bonaerense de pagar el Incentivo y la Conectividad, la falta de env\u00edo de partidas presupuestarias por parte del Gobierno nacional es una metodolog\u00eda que no solo ataca al mecanismo paritario, sino que agrava a\u00fan m\u00e1s la situaci\u00f3n econ\u00f3mica frente a la escalada inflacionaria, deteriorando los salarios de las y los trabajadores de la educaci\u00f3n\u201d se agreg\u00f3.<\/p>\n\n\n\n<p><\/p>\n\n\n\n<p>El FUDB se\u00f1al\u00f3 que <strong>se declar\u00f3 en \u201cestado de alerta y movilizaci\u00f3n\u201d<\/strong> por \u201cla no transferencia del Fondo Nacional de Incentivo Docente y Conectividad, del Fondo de Compensaci\u00f3n salarial y otras partidas destinadas a Educaci\u00f3n\u201d.<\/p>\n\n\n\n<p><\/p>\n\n\n\n<blockquote class=\"wp-block-quote is-layout-flow wp-block-quote-is-layout-flow\">\n<p>Asimismo, los gremios del Frente se refirieron a \u201cla necesidad de obtener un aumento que sea percibido los primeros d\u00edas de marzo y que permita mantener el poder adquisitivo del salario ante la escalada inflacionaria\u201d.<\/p>\n<\/blockquote>\n\n\n\n<p><\/p>\n\n\n\n<p>En tanto, pidieron estabilidad laboral para distintos sectores y reclamaron por la situaci\u00f3n de la mutual IOMA al se\u00f1alar que \u201cse encuentra en graves dificultades a causa de la liberaci\u00f3n de los precios de los medicamentos y servicios de salud y la posici\u00f3n dominante de las corporaciones\u201d.<\/p>\n\n\n\n<p><\/p>\n\n\n\n<p><em>\u201cAsimismo, solicitamos se convoque a la Comisi\u00f3n T\u00e9cnica de Condiciones Laborales para poder avanzar en la elaboraci\u00f3n de un Convenio Colectivo de Trabajo para los y las docentes de la provincia\u201d,<\/em> indicaron los sindicatos.<\/p>\n\n\n\n<p><\/p>\n\n\n\n<p>\u201cSolicitamos al Gobierno provincial que, a la brevedad, haga una <strong>propuesta de recomposici\u00f3n salarial <\/strong>que considere las solicitudes presentadas y que permita ser analizada por los diferentes cuerpos org\u00e1nicos de las organizaciones gremiales\u201d, finalizaron.<\/p>\n\n\n\n<p><\/p>\n\n\n\n<p><em>Fuente: DIB<\/em><\/p>\n","protected":false},"excerpt":{"rendered":"<p>El Gobierno provincial recibi\u00f3 a los gremios en el Ministerio de Trabajo, en medio de la tensi\u00f3n que genera la<\/p>\n","protected":false},"author":6,"featured_media":108686,"comment_status":"closed","ping_status":"closed","sticky":false,"template":"","format":"standard","meta":{"_jetpack_memberships_contains_paid_content":false,"footnotes":""},"categories":[6,1],"tags":[],"class_list":["post-108685","post","type-post","status-publish","format-standard","has-post-thumbnail","hentry","category-nacionales","category-portada"],"jetpack_featured_media_url":"https:\/\/i0.wp.com\/cdnoticias.com\/wp-content\/uploads\/2024\/02\/paritarias.jpg?fit=630%2C420&ssl=1","jetpack_sharing_enabled":true,"_links":{"self":[{"href":"https:\/\/cdnoticias.com\/index.php\/wp-json\/wp\/v2\/posts\/108685","targetHints":{"allow":["GET"]}}],"collection":[{"href":"https:\/\/cdnoticias.com\/index.php\/wp-json\/wp\/v2\/posts"}],"about":[{"href":"https:\/\/cdnoticias.com\/index.php\/wp-json\/wp\/v2\/types\/post"}],"author":[{"embeddable":true,"href":"https:\/\/cdnoticias.com\/index.php\/wp-json\/wp\/v2\/users\/6"}],"replies":[{"embeddable":true,"href":"https:\/\/cdnoticias.com\/index.php\/wp-json\/wp\/v2\/comments?post=108685"}],"version-history":[{"count":0,"href":"https:\/\/cdnoticias.com\/index.php\/wp-json\/wp\/v2\/posts\/108685\/revisions"}],"wp:featuredmedia":[{"embeddable":true,"href":"https:\/\/cdnoticias.com\/index.php\/wp-json\/wp\/v2\/media\/108686"}],"wp:attachment":[{"href":"https:\/\/cdnoticias.com\/index.php\/wp-json\/wp\/v2\/media?parent=108685"}],"wp:term":[{"taxonomy":"category","embeddable":true,"href":"https:\/\/cdnoticias.com\/index.php\/wp-json\/wp\/v2\/categories?post=108685"},{"taxonomy":"post_tag","embeddable":true,"href":"https:\/\/cdnoticias.com\/index.php\/wp-json\/wp\/v2\/tags?post=108685"}],"curies":[{"name":"wp","href":"https:\/\/api.w.org\/{rel}","templated":true}]}}