{"id":10864,"date":"2021-01-07T17:23:24","date_gmt":"2021-01-07T20:23:24","guid":{"rendered":"http:\/\/www.centraldenoticias.com.ar\/?p=10864"},"modified":"2021-01-07T17:23:24","modified_gmt":"2021-01-07T20:23:24","slug":"marta-mirta-montero-q-e-p-d-2","status":"publish","type":"post","link":"https:\/\/cdnoticias.com\/index.php\/2021\/01\/07\/marta-mirta-montero-q-e-p-d-2\/","title":{"rendered":"Marta Mirta Montero (Q.E.P.D.)"},"content":{"rendered":"<p>Falleci\u00f3 en Olavarr\u00eda el 4 de enero a los 76 a\u00f1os. Su pareja Ra\u00fal C\u00e9sar Molinuevo; sus hijas Erica y Silvina; su hijo pol\u00edtico Augusto Rivas; sus nietos Ivo, Lara y Mora; sus hermanos Norma, Elba y Omar; sus hermanos pol\u00edticos, sobrinos y dem\u00e1s deudos participan su fallecimiento.<\/p>\n<p>&nbsp;<\/p>\n<p>El velatorio fue realizado y sus restos ser\u00e1n cremados en Crematorio Pinos de Paz, este viernes 8 de enero a las 12:00. Vecina de Sierra Chica, actualmente viv\u00eda en Olavarr\u00eda. Jubilada y Pensionada.<\/p>\n","protected":false},"excerpt":{"rendered":"<p>Falleci\u00f3 en Olavarr\u00eda el 4 de enero a los 76 a\u00f1os. Su pareja Ra\u00fal C\u00e9sar Molinuevo; sus hijas Erica y<\/p>\n","protected":false},"author":5,"featured_media":0,"comment_status":"closed","ping_status":"closed","sticky":false,"template":"","format":"standard","meta":{"_jetpack_memberships_contains_paid_content":false,"footnotes":""},"categories":[10],"tags":[],"class_list":["post-10864","post","type-post","status-publish","format-standard","hentry","category-necrologicas"],"jetpack_featured_media_url":"","jetpack_sharing_enabled":true,"_links":{"self":[{"href":"https:\/\/cdnoticias.com\/index.php\/wp-json\/wp\/v2\/posts\/10864","targetHints":{"allow":["GET"]}}],"collection":[{"href":"https:\/\/cdnoticias.com\/index.php\/wp-json\/wp\/v2\/posts"}],"about":[{"href":"https:\/\/cdnoticias.com\/index.php\/wp-json\/wp\/v2\/types\/post"}],"author":[{"embeddable":true,"href":"https:\/\/cdnoticias.com\/index.php\/wp-json\/wp\/v2\/users\/5"}],"replies":[{"embeddable":true,"href":"https:\/\/cdnoticias.com\/index.php\/wp-json\/wp\/v2\/comments?post=10864"}],"version-history":[{"count":0,"href":"https:\/\/cdnoticias.com\/index.php\/wp-json\/wp\/v2\/posts\/10864\/revisions"}],"wp:attachment":[{"href":"https:\/\/cdnoticias.com\/index.php\/wp-json\/wp\/v2\/media?parent=10864"}],"wp:term":[{"taxonomy":"category","embeddable":true,"href":"https:\/\/cdnoticias.com\/index.php\/wp-json\/wp\/v2\/categories?post=10864"},{"taxonomy":"post_tag","embeddable":true,"href":"https:\/\/cdnoticias.com\/index.php\/wp-json\/wp\/v2\/tags?post=10864"}],"curies":[{"name":"wp","href":"https:\/\/api.w.org\/{rel}","templated":true}]}}