{"id":108622,"date":"2024-02-15T14:17:21","date_gmt":"2024-02-15T17:17:21","guid":{"rendered":"https:\/\/cdnoticias.com\/?p=108622"},"modified":"2024-02-15T19:25:12","modified_gmt":"2024-02-15T22:25:12","slug":"seguridad-el-municipio-se-reunio-con-referentes-de-los-barrios-isaura-y-belen","status":"publish","type":"post","link":"https:\/\/cdnoticias.com\/index.php\/2024\/02\/15\/seguridad-el-municipio-se-reunio-con-referentes-de-los-barrios-isaura-y-belen\/","title":{"rendered":"Seguridad: El Municipio se reuni\u00f3 con referentes de los barrios Isaura y Bel\u00e9n"},"content":{"rendered":"\n<p>El encuentro fue el lunes y se plantearon las tem\u00e1ticas del alumbrado p\u00fablico o animales sueltos. Adem\u00e1s, los vecinos se mostraron preocupados por los delitos ocurridos en el \u00faltimo tiempo.<\/p>\n\n\n\n<hr class=\"wp-block-separator aligncenter has-alpha-channel-opacity\"\/>\n\n\n\n<p>El lunes pasado funcionarios de la Subsecretar\u00eda de Protecci\u00f3n Ciudadana y de la Direcci\u00f3n de Relaciones con la Comunidad del Municipio se reunieron con referentes vecinales de los <strong>barrios Isaura y Bel\u00e9n.<\/strong><\/p>\n\n\n\n<p><\/p>\n\n\n\n<p>El encuentro fue convocado desde la Junta Vecinal del barrio Isaura y se desarroll\u00f3 en la sede que la entidad posee sobre calle 108. Tambi\u00e9n participaron autoridades policiales de la ciudad.<\/p>\n\n\n\n<p><\/p>\n\n\n\n<p>Se detall\u00f3 que producto del di\u00e1logo entre los distintos actores se acord\u00f3 desplegar labores en conjunto en <strong>materia de prevenci\u00f3n<\/strong>, como as\u00ed tambi\u00e9n el compromiso de canalizar otro tipo de planteos, como por ejemplo <strong>alumbrado p\u00fablico o animales sueltos.<\/strong><\/p>\n\n\n\n<p><\/p>\n\n\n\n<p>Adem\u00e1s, los vecinos y vecinas acercaron sus <strong>inquietudes en materia de seguridad y prevenci\u00f3n de delitos<\/strong>, entre otros temas.<\/p>\n\n\n\n<p><\/p>\n\n\n\n<p>En representaci\u00f3n del Municipio concurrieron subsecretario de Protecci\u00f3n Ciudadana El\u00edas Quintas, quien asisti\u00f3 junto al coordinador del \u00e1rea Pablo Maccarini, adem\u00e1s del Director de Relaciones con la Comunidad, Mariano Caputo.<\/p>\n\n\n\n<p><\/p>\n\n\n\n<p>Desde la Polic\u00eda Bonaerense se hicieron presentes el titular de la comisar\u00eda Primera, el subcomisario Juan Garc\u00eda, y el segundo jefe de esa dependencia, el subcomisario H\u00e9ctor Ditz.<\/p>\n","protected":false},"excerpt":{"rendered":"<p>El encuentro fue el lunes y se plantearon las tem\u00e1ticas del alumbrado p\u00fablico o animales sueltos. Adem\u00e1s, los vecinos se<\/p>\n","protected":false},"author":6,"featured_media":108623,"comment_status":"closed","ping_status":"closed","sticky":false,"template":"","format":"standard","meta":{"_jetpack_memberships_contains_paid_content":false,"footnotes":""},"categories":[5,1],"tags":[],"class_list":["post-108622","post","type-post","status-publish","format-standard","has-post-thumbnail","hentry","category-informacion-general","category-portada"],"jetpack_featured_media_url":"https:\/\/i0.wp.com\/cdnoticias.com\/wp-content\/uploads\/2024\/02\/Seguridad-1.jpg?fit=1000%2C656&ssl=1","jetpack_sharing_enabled":true,"_links":{"self":[{"href":"https:\/\/cdnoticias.com\/index.php\/wp-json\/wp\/v2\/posts\/108622","targetHints":{"allow":["GET"]}}],"collection":[{"href":"https:\/\/cdnoticias.com\/index.php\/wp-json\/wp\/v2\/posts"}],"about":[{"href":"https:\/\/cdnoticias.com\/index.php\/wp-json\/wp\/v2\/types\/post"}],"author":[{"embeddable":true,"href":"https:\/\/cdnoticias.com\/index.php\/wp-json\/wp\/v2\/users\/6"}],"replies":[{"embeddable":true,"href":"https:\/\/cdnoticias.com\/index.php\/wp-json\/wp\/v2\/comments?post=108622"}],"version-history":[{"count":0,"href":"https:\/\/cdnoticias.com\/index.php\/wp-json\/wp\/v2\/posts\/108622\/revisions"}],"wp:featuredmedia":[{"embeddable":true,"href":"https:\/\/cdnoticias.com\/index.php\/wp-json\/wp\/v2\/media\/108623"}],"wp:attachment":[{"href":"https:\/\/cdnoticias.com\/index.php\/wp-json\/wp\/v2\/media?parent=108622"}],"wp:term":[{"taxonomy":"category","embeddable":true,"href":"https:\/\/cdnoticias.com\/index.php\/wp-json\/wp\/v2\/categories?post=108622"},{"taxonomy":"post_tag","embeddable":true,"href":"https:\/\/cdnoticias.com\/index.php\/wp-json\/wp\/v2\/tags?post=108622"}],"curies":[{"name":"wp","href":"https:\/\/api.w.org\/{rel}","templated":true}]}}