{"id":108620,"date":"2024-02-14T18:50:13","date_gmt":"2024-02-14T21:50:13","guid":{"rendered":"https:\/\/cdnoticias.com\/?p=108620"},"modified":"2024-02-15T11:25:11","modified_gmt":"2024-02-15T14:25:11","slug":"aldo-rodolfo-ward-el-ingles-q-e-p-d","status":"publish","type":"post","link":"https:\/\/cdnoticias.com\/index.php\/2024\/02\/14\/aldo-rodolfo-ward-el-ingles-q-e-p-d\/","title":{"rendered":"Aldo Rodolfo Ward \u201cEl ingl\u00e9s\u201d (Q.E.P.D.)"},"content":{"rendered":"\n<p>Falleci\u00f3 en Olavarr\u00eda el d\u00eda 14 de febrero de 2024 a los 96 a\u00f1os. Sus hijos: M\u00f3nica y Rodolfo Ward; sus hijos pol\u00edticos: Roberto y Graciela; sus nietos: Marina, Maximiliano y dem\u00e1s deudos participan su fallecimiento.<\/p>\n\n\n\n<p>Velatorio: Sala &#8220;D&#8221; (comienza 13 horas). Responso: Capilla Ardiente. Inhumaci\u00f3n: Loma de Paz, este jueves a las 13:30. Servicio adherido a Coopelectric.<\/p>\n\n\n\n<p>Barrio en el que viv\u00eda: Luj\u00e1n<\/p>\n\n\n\n<p>Lugar de nacimiento: Olavarr\u00eda<\/p>\n\n\n\n<p>Actividad que desarrollaba: Jubilado, Ferroviario y Pensionado<\/p>\n","protected":false},"excerpt":{"rendered":"<p>Falleci\u00f3 en Olavarr\u00eda el d\u00eda 14 de febrero de 2024 a los 96 a\u00f1os. Sus hijos: M\u00f3nica y Rodolfo Ward;<\/p>\n","protected":false},"author":6,"featured_media":100390,"comment_status":"closed","ping_status":"closed","sticky":false,"template":"","format":"standard","meta":{"_jetpack_memberships_contains_paid_content":false,"footnotes":""},"categories":[10],"tags":[],"class_list":["post-108620","post","type-post","status-publish","format-standard","has-post-thumbnail","hentry","category-necrologicas"],"jetpack_featured_media_url":"https:\/\/i0.wp.com\/cdnoticias.com\/wp-content\/uploads\/2023\/10\/necrologicas-390-x-240.jpg?fit=390%2C240&ssl=1","jetpack_sharing_enabled":true,"_links":{"self":[{"href":"https:\/\/cdnoticias.com\/index.php\/wp-json\/wp\/v2\/posts\/108620","targetHints":{"allow":["GET"]}}],"collection":[{"href":"https:\/\/cdnoticias.com\/index.php\/wp-json\/wp\/v2\/posts"}],"about":[{"href":"https:\/\/cdnoticias.com\/index.php\/wp-json\/wp\/v2\/types\/post"}],"author":[{"embeddable":true,"href":"https:\/\/cdnoticias.com\/index.php\/wp-json\/wp\/v2\/users\/6"}],"replies":[{"embeddable":true,"href":"https:\/\/cdnoticias.com\/index.php\/wp-json\/wp\/v2\/comments?post=108620"}],"version-history":[{"count":0,"href":"https:\/\/cdnoticias.com\/index.php\/wp-json\/wp\/v2\/posts\/108620\/revisions"}],"wp:featuredmedia":[{"embeddable":true,"href":"https:\/\/cdnoticias.com\/index.php\/wp-json\/wp\/v2\/media\/100390"}],"wp:attachment":[{"href":"https:\/\/cdnoticias.com\/index.php\/wp-json\/wp\/v2\/media?parent=108620"}],"wp:term":[{"taxonomy":"category","embeddable":true,"href":"https:\/\/cdnoticias.com\/index.php\/wp-json\/wp\/v2\/categories?post=108620"},{"taxonomy":"post_tag","embeddable":true,"href":"https:\/\/cdnoticias.com\/index.php\/wp-json\/wp\/v2\/tags?post=108620"}],"curies":[{"name":"wp","href":"https:\/\/api.w.org\/{rel}","templated":true}]}}