{"id":108613,"date":"2024-02-14T18:17:26","date_gmt":"2024-02-14T21:17:26","guid":{"rendered":"https:\/\/cdnoticias.com\/?p=108613"},"modified":"2024-02-14T21:25:56","modified_gmt":"2024-02-15T00:25:56","slug":"tras-ser-secuestrada-en-la-ciudad-encontraron-una-moto-robada-en-azul","status":"publish","type":"post","link":"https:\/\/cdnoticias.com\/index.php\/2024\/02\/14\/tras-ser-secuestrada-en-la-ciudad-encontraron-una-moto-robada-en-azul\/","title":{"rendered":"Tras ser secuestrada en la ciudad, encontraron una moto robada en Azul"},"content":{"rendered":"\n<p>Su conductor hab\u00eda cometido una infracci\u00f3n de tr\u00e1nsito y, tras ser trasladada al corral\u00f3n municipal, detectaron que ten\u00eda una causa por hurto en Azul.<\/p>\n\n\n\n<hr class=\"wp-block-separator aligncenter has-alpha-channel-opacity\"\/>\n\n\n\n<p>Este mi\u00e9rcoles, <strong>efectivos de Moto Polic\u00eda y personal de Tr\u00e1nsito Municipal detectaron que una moto que hab\u00eda sido secuestrada por una infracci\u00f3n de tr\u00e1nsito ten\u00eda una denuncia por hurto en la vecina ciudad de Azul.<\/strong><\/p>\n\n\n\n<p>Seg\u00fan se precis\u00f3, <strong>en un operativo hab\u00edan infraccionado la moto, marca Gilera, que no ten\u00eda n\u00famero de chasis, sin cachas ni tampoco dominio.<\/strong><\/p>\n\n\n\n<p>Tras el cruce de datos inform\u00e1ticos luego de ser trasladada al corral\u00f3n municipal,<strong> detectaron que ten\u00eda un pedido de secuestro activo caratulado como \u201cHurto agravado de motoveh\u00edculo dejado en la v\u00eda p\u00fablica\u201d con intervenci\u00f3n de la UFI N\u00b02 del doctor Carballo.<\/strong><\/p>\n\n\n\n<p><strong>El veh\u00edculo fue nuevamente trasladado del Corral\u00f3n Municipal a la Comisar\u00eda Primera<\/strong>, por corresponder jurisdicci\u00f3n. <strong>Un hombre mayor de edad fue imputado.<\/strong><\/p>\n","protected":false},"excerpt":{"rendered":"<p>Su conductor hab\u00eda cometido una infracci\u00f3n de tr\u00e1nsito y, tras ser trasladada al corral\u00f3n municipal, detectaron que ten\u00eda una causa<\/p>\n","protected":false},"author":2,"featured_media":108614,"comment_status":"closed","ping_status":"closed","sticky":false,"template":"","format":"standard","meta":{"_jetpack_memberships_contains_paid_content":false,"footnotes":""},"categories":[14,1],"tags":[],"class_list":["post-108613","post","type-post","status-publish","format-standard","has-post-thumbnail","hentry","category-policiales","category-portada"],"jetpack_featured_media_url":"https:\/\/i0.wp.com\/cdnoticias.com\/wp-content\/uploads\/2024\/02\/WhatsApp-Image-2024-02-14-at-17.10.40-1.jpeg?fit=626%2C376&ssl=1","jetpack_sharing_enabled":true,"_links":{"self":[{"href":"https:\/\/cdnoticias.com\/index.php\/wp-json\/wp\/v2\/posts\/108613","targetHints":{"allow":["GET"]}}],"collection":[{"href":"https:\/\/cdnoticias.com\/index.php\/wp-json\/wp\/v2\/posts"}],"about":[{"href":"https:\/\/cdnoticias.com\/index.php\/wp-json\/wp\/v2\/types\/post"}],"author":[{"embeddable":true,"href":"https:\/\/cdnoticias.com\/index.php\/wp-json\/wp\/v2\/users\/2"}],"replies":[{"embeddable":true,"href":"https:\/\/cdnoticias.com\/index.php\/wp-json\/wp\/v2\/comments?post=108613"}],"version-history":[{"count":0,"href":"https:\/\/cdnoticias.com\/index.php\/wp-json\/wp\/v2\/posts\/108613\/revisions"}],"wp:featuredmedia":[{"embeddable":true,"href":"https:\/\/cdnoticias.com\/index.php\/wp-json\/wp\/v2\/media\/108614"}],"wp:attachment":[{"href":"https:\/\/cdnoticias.com\/index.php\/wp-json\/wp\/v2\/media?parent=108613"}],"wp:term":[{"taxonomy":"category","embeddable":true,"href":"https:\/\/cdnoticias.com\/index.php\/wp-json\/wp\/v2\/categories?post=108613"},{"taxonomy":"post_tag","embeddable":true,"href":"https:\/\/cdnoticias.com\/index.php\/wp-json\/wp\/v2\/tags?post=108613"}],"curies":[{"name":"wp","href":"https:\/\/api.w.org\/{rel}","templated":true}]}}