{"id":108610,"date":"2024-02-16T14:52:34","date_gmt":"2024-02-16T17:52:34","guid":{"rendered":"https:\/\/cdnoticias.com\/?p=108610"},"modified":"2024-02-16T14:52:38","modified_gmt":"2024-02-16T17:52:38","slug":"ignacio-montoya-carlotto-y-valentin-reiners-presentan-su-disco-sexto-vi","status":"publish","type":"post","link":"https:\/\/cdnoticias.com\/index.php\/2024\/02\/16\/ignacio-montoya-carlotto-y-valentin-reiners-presentan-su-disco-sexto-vi\/","title":{"rendered":"Ignacio Montoya Carlotto y Valent\u00edn Reiners presentan su disco &#8220;Sexto VI&#8221;"},"content":{"rendered":"\n<p>Ser\u00e1 este s\u00e1bado a las 21 horas en Margot. Las entradas ya est\u00e1n a la venta.<\/p>\n\n\n\n<hr class=\"wp-block-separator aligncenter has-alpha-channel-opacity\"\/>\n\n\n\n<p>Este s\u00e1bado, el m\u00fasico <strong>Ignacio Montoya Carlott<\/strong>o realizar\u00e1 un concierto junto a <strong>Valent\u00edn Reiners<\/strong> en nuestra ciudad.<\/p>\n\n\n\n<p><\/p>\n\n\n\n<p>Por primera vez <strong>presentar\u00e1n su disco &#8220;Sexto VI&#8221; <\/strong>y nuevas composiciones. \u201cSi bien el disco tiene un tiempo, por diferentes razones lo presentamos en muchos lugares pero no en nuestra ciudad\u201d expresaron los m\u00fasicos.<\/p>\n\n\n\n<p><\/p>\n\n\n\n<figure class=\"wp-block-embed is-type-rich is-provider-spotify wp-block-embed-spotify wp-embed-aspect-21-9 wp-has-aspect-ratio\"><div class=\"wp-block-embed__wrapper\">\n<iframe title=\"Spotify Embed: Sexto VI\" style=\"border-radius: 12px\" width=\"100%\" height=\"352\" frameborder=\"0\" allowfullscreen allow=\"autoplay; clipboard-write; encrypted-media; fullscreen; picture-in-picture\" loading=\"lazy\" src=\"https:\/\/open.spotify.com\/embed\/album\/3DksXqZKwm6aY9F3yS1sJL?si=wwCiEMRGQze45T99FPsrgg&#038;utm_source=oembed\"><\/iframe>\n<\/div><\/figure>\n\n\n\n<p><\/p>\n\n\n\n<p>La cita ser\u00e1 en <strong>Margot, ubicado en Rivadavia 2611<\/strong>. La entrada tiene un valor de $2000.<\/p>\n","protected":false},"excerpt":{"rendered":"<p>Ser\u00e1 este s\u00e1bado a las 21 horas en Margot. Las entradas ya est\u00e1n a la venta. Este s\u00e1bado, el m\u00fasico<\/p>\n","protected":false},"author":6,"featured_media":108611,"comment_status":"closed","ping_status":"closed","sticky":false,"template":"","format":"standard","meta":{"_jetpack_memberships_contains_paid_content":false,"footnotes":""},"categories":[9,1],"tags":[],"class_list":["post-108610","post","type-post","status-publish","format-standard","has-post-thumbnail","hentry","category-cultura","category-portada"],"jetpack_featured_media_url":"https:\/\/i0.wp.com\/cdnoticias.com\/wp-content\/uploads\/2024\/02\/ignacio-montoya-carlotto.jpg?fit=1920%2C1080&ssl=1","jetpack_sharing_enabled":true,"_links":{"self":[{"href":"https:\/\/cdnoticias.com\/index.php\/wp-json\/wp\/v2\/posts\/108610","targetHints":{"allow":["GET"]}}],"collection":[{"href":"https:\/\/cdnoticias.com\/index.php\/wp-json\/wp\/v2\/posts"}],"about":[{"href":"https:\/\/cdnoticias.com\/index.php\/wp-json\/wp\/v2\/types\/post"}],"author":[{"embeddable":true,"href":"https:\/\/cdnoticias.com\/index.php\/wp-json\/wp\/v2\/users\/6"}],"replies":[{"embeddable":true,"href":"https:\/\/cdnoticias.com\/index.php\/wp-json\/wp\/v2\/comments?post=108610"}],"version-history":[{"count":0,"href":"https:\/\/cdnoticias.com\/index.php\/wp-json\/wp\/v2\/posts\/108610\/revisions"}],"wp:featuredmedia":[{"embeddable":true,"href":"https:\/\/cdnoticias.com\/index.php\/wp-json\/wp\/v2\/media\/108611"}],"wp:attachment":[{"href":"https:\/\/cdnoticias.com\/index.php\/wp-json\/wp\/v2\/media?parent=108610"}],"wp:term":[{"taxonomy":"category","embeddable":true,"href":"https:\/\/cdnoticias.com\/index.php\/wp-json\/wp\/v2\/categories?post=108610"},{"taxonomy":"post_tag","embeddable":true,"href":"https:\/\/cdnoticias.com\/index.php\/wp-json\/wp\/v2\/tags?post=108610"}],"curies":[{"name":"wp","href":"https:\/\/api.w.org\/{rel}","templated":true}]}}