{"id":108607,"date":"2024-02-14T19:00:59","date_gmt":"2024-02-14T22:00:59","guid":{"rendered":"https:\/\/cdnoticias.com\/?p=108607"},"modified":"2024-02-14T19:01:02","modified_gmt":"2024-02-14T22:01:02","slug":"cine-en-insurgente-se-proyectara-la-sala-de-profesores","status":"publish","type":"post","link":"https:\/\/cdnoticias.com\/index.php\/2024\/02\/14\/cine-en-insurgente-se-proyectara-la-sala-de-profesores\/","title":{"rendered":"Cine en Insurgente: se proyectar\u00e1 \u201cLa Sala de Profesores\u201d"},"content":{"rendered":"\n<p>La pel\u00edcula alemana compite con \u201cLa Sociedad de la Nieve\u201d en los Oscars. La funci\u00f3n ser\u00e1 este jueves con entrada libre y gratuita.<\/p>\n\n\n\n<hr class=\"wp-block-separator aligncenter has-alpha-channel-opacity\"\/>\n\n\n\n<p>Este <strong>jueves a las 21 horas <\/strong>se proyectar\u00e1, en la funci\u00f3n 94 del ciclo de cine de Insurgente, la pel\u00edcula alemana \u201c<strong><em>La sala de profesores\u201d.<\/em><\/strong><\/p>\n\n\n\n<p><\/p>\n\n\n\n<p>Se trata de uno de los films que <strong>compite como mejor pel\u00edcula extranjera en los pr\u00f3ximos premios Oscar <\/strong>y se enfrenta, entre otras, a &#8220;<strong><em>La Sociedad de la Nieve&#8221;.<\/em><\/strong><\/p>\n\n\n\n<p><\/p>\n\n\n\n<p><strong><em>\u201cLa sala de profesores<\/em><\/strong>\u201d es una pel\u00edcula del 2023 dirigida por Ilker \u00c7atak. Se trata de un film dram\u00e1tico que pone el foco en una docente frente a la sospecha de un hecho delictivo, la forma en que el sistema escolar reacciona y el impacto en los estudiantes.<\/p>\n\n\n\n<p><\/p>\n\n\n\n<p>Luego de la funci\u00f3n, tal como est\u00e1 pensada la din\u00e1mica, se realizar\u00e1 una <strong>charla debate grupal de an\u00e1lisis<\/strong>. La actividad ser\u00e1 en Belgrano 3345 y no se suspende por lluvia.<\/p>\n\n\n\n<p><\/p>\n\n\n\n<p>La <strong>entrada es libre y gratuita.<\/strong> Los participantes podr\u00e1n realizar una colaboraci\u00f3n voluntaria y habr\u00e1 servicio de cantina.<\/p>\n","protected":false},"excerpt":{"rendered":"<p>La pel\u00edcula alemana compite con \u201cLa Sociedad de la Nieve\u201d en los Oscars. La funci\u00f3n ser\u00e1 este jueves con entrada<\/p>\n","protected":false},"author":6,"featured_media":108608,"comment_status":"closed","ping_status":"closed","sticky":false,"template":"","format":"standard","meta":{"_jetpack_memberships_contains_paid_content":false,"footnotes":""},"categories":[9,1],"tags":[],"class_list":["post-108607","post","type-post","status-publish","format-standard","has-post-thumbnail","hentry","category-cultura","category-portada"],"jetpack_featured_media_url":"https:\/\/i0.wp.com\/cdnoticias.com\/wp-content\/uploads\/2024\/02\/insurgente-ciclo-de-cine.png?fit=981%2C535&ssl=1","jetpack_sharing_enabled":true,"_links":{"self":[{"href":"https:\/\/cdnoticias.com\/index.php\/wp-json\/wp\/v2\/posts\/108607","targetHints":{"allow":["GET"]}}],"collection":[{"href":"https:\/\/cdnoticias.com\/index.php\/wp-json\/wp\/v2\/posts"}],"about":[{"href":"https:\/\/cdnoticias.com\/index.php\/wp-json\/wp\/v2\/types\/post"}],"author":[{"embeddable":true,"href":"https:\/\/cdnoticias.com\/index.php\/wp-json\/wp\/v2\/users\/6"}],"replies":[{"embeddable":true,"href":"https:\/\/cdnoticias.com\/index.php\/wp-json\/wp\/v2\/comments?post=108607"}],"version-history":[{"count":0,"href":"https:\/\/cdnoticias.com\/index.php\/wp-json\/wp\/v2\/posts\/108607\/revisions"}],"wp:featuredmedia":[{"embeddable":true,"href":"https:\/\/cdnoticias.com\/index.php\/wp-json\/wp\/v2\/media\/108608"}],"wp:attachment":[{"href":"https:\/\/cdnoticias.com\/index.php\/wp-json\/wp\/v2\/media?parent=108607"}],"wp:term":[{"taxonomy":"category","embeddable":true,"href":"https:\/\/cdnoticias.com\/index.php\/wp-json\/wp\/v2\/categories?post=108607"},{"taxonomy":"post_tag","embeddable":true,"href":"https:\/\/cdnoticias.com\/index.php\/wp-json\/wp\/v2\/tags?post=108607"}],"curies":[{"name":"wp","href":"https:\/\/api.w.org\/{rel}","templated":true}]}}