{"id":108594,"date":"2024-02-15T08:27:44","date_gmt":"2024-02-15T11:27:44","guid":{"rendered":"https:\/\/cdnoticias.com\/?p=108594"},"modified":"2024-02-15T10:41:01","modified_gmt":"2024-02-15T13:41:01","slug":"tarifas-de-electricidad-en-la-provincia-se-viene-el-aumento","status":"publish","type":"post","link":"https:\/\/cdnoticias.com\/index.php\/2024\/02\/15\/tarifas-de-electricidad-en-la-provincia-se-viene-el-aumento\/","title":{"rendered":"Tarifas de electricidad en la provincia: se viene el aumento"},"content":{"rendered":"<p>Lo inform\u00f3 el ministro Gabriel Katopodis en Olavarr\u00eda. Aclar\u00f3 que se aplicar\u00e1 la suba \u201cteniendo en fuerte consideraci\u00f3n aquellos sectores que no pueden pagar\u201d, y marc\u00f3 sus diferencias con la gesti\u00f3n de Milei en materia tarifaria.<!--more--><\/p>\n<hr \/>\n<p>En su paso por Olavarr\u00eda,<strong> el ministro de infraestructura de la provincia de Buenos Aires, Gabriel Katopodis<\/strong> fue consultado por la <strong>redeterminaci\u00f3n de precios de la electricidad<\/strong> en el \u00e1mbito bonaerense.<\/p>\n<p>El funcionario <strong>adelant\u00f3 que \u201cen estos d\u00edas\u201d se aplicar\u00e1 el aumento tarifario<\/strong>, en <em>r\u00e9plica \u201cal impacto que recibimos de las mayoristas y de la audiencia p\u00fablica que se hizo hace algunas semanas\u201d<\/em>. Se trata de la audiencia p\u00fablica realizada en los \u00faltimos d\u00edas de enero donde las generadoras y transportadoras de electricidad pidieron aumento, entre ellas Transba y Transener que son las que prestan servicios en el centro de la provincia.<\/p>\n<blockquote><p>Katopodis aclar\u00f3 que la suba en la Provincia por \u201cdecisi\u00f3n del gobernador\u201d se dispondr\u00e1 \u201cteniendo en fuerte consideraci\u00f3n aquellos sectores que no pueden pagar, aquellos sectores que tienen que ser subsidiados\u201d.<\/p><\/blockquote>\n<p>Inmediatamente marc\u00f3 sus diferencias con las decisiones del \u00e1rea de Energ\u00eda de la Naci\u00f3n:<strong> \u201cuna pol\u00edtica de la Provincia que va a contramano de las decisiones del gobierno nacional, es cuidar el cuidar al usuario y tratar de ayudarlo para que pueda hacer frente a cada una de esas obligaciones\u201d<\/strong>.<\/p>\n<p>La postura de Katopodis y del ministerio que encabeza en cuanto a pol\u00edtica tarifaria hab\u00edan quedado planteadas <strong>a principios de enero en la audiencia que se llev\u00f3 a cabo para la suba de tarifas de gas en todo el pa\u00eds<\/strong>. <a href=\"https:\/\/cdnoticias.com\/index.php\/2024\/01\/09\/la-provincia-se-opone-al-incremento-abusivo-en-la-tarifa-de-gas\/\" target=\"_blank\" rel=\"noopener\">El ministro fue expositor<\/a> y sostuvo que <em>\u201ces inadmisible que en este contexto de la Argentina las empresas del sector privado vengan a plantear un incremento abusivo con un ajuste mes a mes, que rechazamos de manera clara y categ\u00f3rica\u201d<\/em>.<\/p>\n","protected":false},"excerpt":{"rendered":"<p>Lo inform\u00f3 el ministro Gabriel Katopodis en Olavarr\u00eda. Aclar\u00f3 que se aplicar\u00e1 la suba \u201cteniendo en fuerte consideraci\u00f3n aquellos sectores<\/p>\n","protected":false},"author":4,"featured_media":108582,"comment_status":"closed","ping_status":"closed","sticky":false,"template":"","format":"standard","meta":{"_jetpack_memberships_contains_paid_content":false,"footnotes":""},"categories":[5,1],"tags":[],"class_list":["post-108594","post","type-post","status-publish","format-standard","has-post-thumbnail","hentry","category-informacion-general","category-portada"],"jetpack_featured_media_url":"https:\/\/i0.wp.com\/cdnoticias.com\/wp-content\/uploads\/2024\/02\/katopodis-polo-judicial-01.jpg?fit=800%2C445&ssl=1","jetpack_sharing_enabled":true,"_links":{"self":[{"href":"https:\/\/cdnoticias.com\/index.php\/wp-json\/wp\/v2\/posts\/108594","targetHints":{"allow":["GET"]}}],"collection":[{"href":"https:\/\/cdnoticias.com\/index.php\/wp-json\/wp\/v2\/posts"}],"about":[{"href":"https:\/\/cdnoticias.com\/index.php\/wp-json\/wp\/v2\/types\/post"}],"author":[{"embeddable":true,"href":"https:\/\/cdnoticias.com\/index.php\/wp-json\/wp\/v2\/users\/4"}],"replies":[{"embeddable":true,"href":"https:\/\/cdnoticias.com\/index.php\/wp-json\/wp\/v2\/comments?post=108594"}],"version-history":[{"count":0,"href":"https:\/\/cdnoticias.com\/index.php\/wp-json\/wp\/v2\/posts\/108594\/revisions"}],"wp:featuredmedia":[{"embeddable":true,"href":"https:\/\/cdnoticias.com\/index.php\/wp-json\/wp\/v2\/media\/108582"}],"wp:attachment":[{"href":"https:\/\/cdnoticias.com\/index.php\/wp-json\/wp\/v2\/media?parent=108594"}],"wp:term":[{"taxonomy":"category","embeddable":true,"href":"https:\/\/cdnoticias.com\/index.php\/wp-json\/wp\/v2\/categories?post=108594"},{"taxonomy":"post_tag","embeddable":true,"href":"https:\/\/cdnoticias.com\/index.php\/wp-json\/wp\/v2\/tags?post=108594"}],"curies":[{"name":"wp","href":"https:\/\/api.w.org\/{rel}","templated":true}]}}